{"id":20067,"date":"2016-05-06T14:53:09","date_gmt":"2016-05-06T14:53:09","guid":{"rendered":"http:\/\/folhadosudeste.com\/site\/?p=20067"},"modified":"2016-05-06T14:53:09","modified_gmt":"2016-05-06T14:53:09","slug":"inauguracao-da-e-m-dejanira-passoni-de-oliveira-no-distrito-de-macuco","status":"publish","type":"post","link":"http:\/\/folhadosudeste.com\/site\/?p=20067","title":{"rendered":"Inaugura\u00e7\u00e3o da E. M. Dejanira Passoni de Oliveira no distrito de Macuco"},"content":{"rendered":"<p style=\"text-align: justify;\"><a href=\"http:\/\/folhadosudeste.com\/site\/wp-content\/uploads\/2016\/05\/MACUCO.jpg\"><img loading=\"lazy\" decoding=\"async\" class=\"aligncenter size-full wp-image-20068\" src=\"http:\/\/folhadosudeste.com\/site\/wp-content\/uploads\/2016\/05\/MACUCO.jpg\" alt=\"MACUCO\" width=\"620\" height=\"269\" srcset=\"http:\/\/folhadosudeste.com\/site\/wp-content\/uploads\/2016\/05\/MACUCO.jpg 620w, http:\/\/folhadosudeste.com\/site\/wp-content\/uploads\/2016\/05\/MACUCO-300x130.jpg 300w\" sizes=\"auto, (max-width: 620px) 100vw, 620px\" \/><\/a><\/p>\n<p style=\"text-align: justify;\">Na tarde do \u00faltimo s\u00e1bado (30), o anivers\u00e1rio de 122 anos de Macuco foi comemorado em grande estilo. Os moradores contaram com a presen\u00e7a do Mutir\u00e3o da Cidadania (Faz e Acontece), com presta\u00e7\u00e3o de diversos servi\u00e7os, disponibilizados pela Secretaria Municipal de Desenvolvimento Social, que ofereceu: segunda via de documenta\u00e7\u00e3o, orienta\u00e7\u00e3o sobre o programa Bolsa Fam\u00edlia e servi\u00e7os oferecidos pelo Centro de Refer\u00eancia em Assist\u00eancia Social (CRAS) e pelo Centro de Refer\u00eancia Especializada de Assist\u00eancia Social (CREA).<\/p>\n<p style=\"text-align: justify;\">Saiba mais na edi\u00e7\u00e3o 707 do Folha do Sudeste<\/p>\n<p style=\"text-align: justify;\"><img decoding=\"async\" class=\"ngg_displayed_gallery mceItem\" src=\"http:\/\/folhadosudeste.com\/site\/index.php\/nextgen-attach_to_post\/preview\/id--20105\" alt=\"\" \/><\/p>\n","protected":false},"excerpt":{"rendered":"<p>Na tarde do \u00faltimo s\u00e1bado (30), o anivers\u00e1rio de 122 anos de Macuco foi comemorado em grande estilo. Os moradores contaram com a presen\u00e7a do Mutir\u00e3o da Cidadania (Faz e Acontece), com presta\u00e7\u00e3o de diversos servi\u00e7os, disponibilizados pela Secretaria Municipal de Desenvolvimento Social, que ofereceu: segunda via de documenta\u00e7\u00e3o, orienta\u00e7\u00e3o sobre o programa Bolsa Fam\u00edlia [&hellip;]<\/p>\n","protected":false},"author":2,"featured_media":20068,"comment_status":"open","ping_status":"closed","sticky":false,"template":"","format":"standard","meta":{"_joinchat":[],"footnotes":""},"categories":[1],"tags":[],"class_list":["post-20067","post","type-post","status-publish","format-standard","has-post-thumbnail","hentry","category-sem-categoria"],"_links":{"self":[{"href":"http:\/\/folhadosudeste.com\/site\/index.php?rest_route=\/wp\/v2\/posts\/20067","targetHints":{"allow":["GET"]}}],"collection":[{"href":"http:\/\/folhadosudeste.com\/site\/index.php?rest_route=\/wp\/v2\/posts"}],"about":[{"href":"http:\/\/folhadosudeste.com\/site\/index.php?rest_route=\/wp\/v2\/types\/post"}],"author":[{"embeddable":true,"href":"http:\/\/folhadosudeste.com\/site\/index.php?rest_route=\/wp\/v2\/users\/2"}],"replies":[{"embeddable":true,"href":"http:\/\/folhadosudeste.com\/site\/index.php?rest_route=%2Fwp%2Fv2%2Fcomments&post=20067"}],"version-history":[{"count":1,"href":"http:\/\/folhadosudeste.com\/site\/index.php?rest_route=\/wp\/v2\/posts\/20067\/revisions"}],"predecessor-version":[{"id":20106,"href":"http:\/\/folhadosudeste.com\/site\/index.php?rest_route=\/wp\/v2\/posts\/20067\/revisions\/20106"}],"wp:featuredmedia":[{"embeddable":true,"href":"http:\/\/folhadosudeste.com\/site\/index.php?rest_route=\/wp\/v2\/media\/20068"}],"wp:attachment":[{"href":"http:\/\/folhadosudeste.com\/site\/index.php?rest_route=%2Fwp%2Fv2%2Fmedia&parent=20067"}],"wp:term":[{"taxonomy":"category","embeddable":true,"href":"http:\/\/folhadosudeste.com\/site\/index.php?rest_route=%2Fwp%2Fv2%2Fcategories&post=20067"},{"taxonomy":"post_tag","embeddable":true,"href":"http:\/\/folhadosudeste.com\/site\/index.php?rest_route=%2Fwp%2Fv2%2Ftags&post=20067"}],"curies":[{"name":"wp","href":"https:\/\/api.w.org\/{rel}","templated":true}]}}