{"id":20279,"date":"2016-05-13T13:31:05","date_gmt":"2016-05-13T13:31:05","guid":{"rendered":"http:\/\/folhadosudeste.com\/site\/?p=20279"},"modified":"2016-05-13T13:31:05","modified_gmt":"2016-05-13T13:31:05","slug":"la-castro-festas-e-inaugurada-em-muriae-contemplando-expectativas-dos-muriaeenses","status":"publish","type":"post","link":"http:\/\/folhadosudeste.com\/site\/?p=20279","title":{"rendered":"La Castro Festas \u00e9 inaugurada em Muria\u00e9, contemplando expectativas dos muriaeenses"},"content":{"rendered":"<p style=\"text-align: justify;\"><a href=\"http:\/\/folhadosudeste.com\/site\/wp-content\/uploads\/2016\/05\/LA-CASTRO.jpg\"><img loading=\"lazy\" decoding=\"async\" class=\"aligncenter size-full wp-image-20280\" src=\"http:\/\/folhadosudeste.com\/site\/wp-content\/uploads\/2016\/05\/LA-CASTRO.jpg\" alt=\"LA CASTRO\" width=\"620\" height=\"266\" srcset=\"http:\/\/folhadosudeste.com\/site\/wp-content\/uploads\/2016\/05\/LA-CASTRO.jpg 620w, http:\/\/folhadosudeste.com\/site\/wp-content\/uploads\/2016\/05\/LA-CASTRO-300x128.jpg 300w\" sizes=\"auto, (max-width: 620px) 100vw, 620px\" \/><\/a><\/p>\n<p style=\"text-align: justify;\">Os muriaeenses aguardavam ansiosamente a inaugura\u00e7\u00e3o do mais novo e moderno espa\u00e7o para sediar eventos em Muria\u00e9: La Castro Festas. E as portas foram abertas em grande estilo na noite da \u00faltima sexta (6), concluindo o sonho dos empres\u00e1rios e diretores do estabelecimento, o casal Beth Castro e Paulo Afonso. O nome La Castro \u00e9 uma forma de homenagear o saudoso Sr. Wilson de Castro, pai de Beth. Projetado e assinado pelo arquiteto Jo\u00e3o Paulo Goulart de Freitas, o local foi aben\u00e7oado pelo Pe. C\u00edcero, p\u00e1roco da Matriz S\u00e3o Paulo.<\/p>\n<p style=\"text-align: justify;\">Saiba mais na edi\u00e7\u00e3o 708 do Folha do Sudeste<\/p>\n<p style=\"text-align: justify;\"><img decoding=\"async\" class=\"ngg_displayed_gallery mceItem\" src=\"http:\/\/folhadosudeste.com\/site\/index.php\/nextgen-attach_to_post\/preview\/id--20301\" alt=\"\" \/><\/p>\n","protected":false},"excerpt":{"rendered":"<p>Os muriaeenses aguardavam ansiosamente a inaugura\u00e7\u00e3o do mais novo e moderno espa\u00e7o para sediar eventos em Muria\u00e9: La Castro Festas. E as portas foram abertas em grande estilo na noite da \u00faltima sexta (6), concluindo o sonho dos empres\u00e1rios e diretores do estabelecimento, o casal Beth Castro e Paulo Afonso. O nome La Castro \u00e9 [&hellip;]<\/p>\n","protected":false},"author":2,"featured_media":20280,"comment_status":"open","ping_status":"closed","sticky":false,"template":"","format":"standard","meta":{"_joinchat":[],"footnotes":""},"categories":[1],"tags":[],"class_list":["post-20279","post","type-post","status-publish","format-standard","has-post-thumbnail","hentry","category-sem-categoria"],"_links":{"self":[{"href":"http:\/\/folhadosudeste.com\/site\/index.php?rest_route=\/wp\/v2\/posts\/20279","targetHints":{"allow":["GET"]}}],"collection":[{"href":"http:\/\/folhadosudeste.com\/site\/index.php?rest_route=\/wp\/v2\/posts"}],"about":[{"href":"http:\/\/folhadosudeste.com\/site\/index.php?rest_route=\/wp\/v2\/types\/post"}],"author":[{"embeddable":true,"href":"http:\/\/folhadosudeste.com\/site\/index.php?rest_route=\/wp\/v2\/users\/2"}],"replies":[{"embeddable":true,"href":"http:\/\/folhadosudeste.com\/site\/index.php?rest_route=%2Fwp%2Fv2%2Fcomments&post=20279"}],"version-history":[{"count":1,"href":"http:\/\/folhadosudeste.com\/site\/index.php?rest_route=\/wp\/v2\/posts\/20279\/revisions"}],"predecessor-version":[{"id":20302,"href":"http:\/\/folhadosudeste.com\/site\/index.php?rest_route=\/wp\/v2\/posts\/20279\/revisions\/20302"}],"wp:featuredmedia":[{"embeddable":true,"href":"http:\/\/folhadosudeste.com\/site\/index.php?rest_route=\/wp\/v2\/media\/20280"}],"wp:attachment":[{"href":"http:\/\/folhadosudeste.com\/site\/index.php?rest_route=%2Fwp%2Fv2%2Fmedia&parent=20279"}],"wp:term":[{"taxonomy":"category","embeddable":true,"href":"http:\/\/folhadosudeste.com\/site\/index.php?rest_route=%2Fwp%2Fv2%2Fcategories&post=20279"},{"taxonomy":"post_tag","embeddable":true,"href":"http:\/\/folhadosudeste.com\/site\/index.php?rest_route=%2Fwp%2Fv2%2Ftags&post=20279"}],"curies":[{"name":"wp","href":"https:\/\/api.w.org\/{rel}","templated":true}]}}