{"id":20303,"date":"2016-05-13T13:37:12","date_gmt":"2016-05-13T13:37:12","guid":{"rendered":"http:\/\/folhadosudeste.com\/site\/?p=20303"},"modified":"2016-05-13T13:37:12","modified_gmt":"2016-05-13T13:37:12","slug":"solenidade-em-comemoracao-aos-30-anos-da-4a-regiao-da-policia-militar","status":"publish","type":"post","link":"http:\/\/folhadosudeste.com\/site\/?p=20303","title":{"rendered":"SOLENIDADE EM COMEMORA\u00c7\u00c3O AOS 30 ANOS DA 4\u00aa REGI\u00c3O DA POL\u00cdCIA MILITAR"},"content":{"rendered":"<p style=\"text-align: justify;\"><a href=\"http:\/\/folhadosudeste.com\/site\/wp-content\/uploads\/2016\/05\/POL\u00cdCIA-MILITAR.jpg\"><img loading=\"lazy\" decoding=\"async\" class=\"aligncenter size-full wp-image-20304\" src=\"http:\/\/folhadosudeste.com\/site\/wp-content\/uploads\/2016\/05\/POL\u00cdCIA-MILITAR.jpg\" alt=\"POL\u00cdCIA MILITAR\" width=\"620\" height=\"251\" srcset=\"http:\/\/folhadosudeste.com\/site\/wp-content\/uploads\/2016\/05\/POL\u00cdCIA-MILITAR.jpg 620w, http:\/\/folhadosudeste.com\/site\/wp-content\/uploads\/2016\/05\/POL\u00cdCIA-MILITAR-300x121.jpg 300w\" sizes=\"auto, (max-width: 620px) 100vw, 620px\" \/><\/a><\/p>\n<p style=\"text-align: justify;\">O 47\u00ba Batalh\u00e3o da Pol\u00edcia Militar realizou na manh\u00e3 desta ter\u00e7a-feira dia 10\/05\/2016, no Sal\u00e3o Nobre da FAMINAS, sediada na cidade de Muria\u00e9 \u2013 MG, uma solenidade em comemora\u00e7\u00e3o aos 30 anos da 4\u00aa Regi\u00e3o da Pol\u00edcia Militar. S\u00e3o 30 anos galgados em p\u00e1ginas ricas e memor\u00e1veis de relevantes servi\u00e7os prestados ao povo mineiro da Zona da Mata, a qual tem por responsabilidade a gest\u00e3o estrat\u00e9gica de 86 munic\u00edpios. No evento, foram homenageados 06 (seis) militares da ativa, e um da reserva o 3\u00ba Sgt QPR Iracino In\u00e1cio Rodrigues (Militar mais antigo do 47\u00aa Batalh\u00e3o), e 03 (tr\u00eas) colaboradores civis. O Comandante do 47\u00ba BPM, o Ten Cel PM Ranieri M\u00e1rcio da Cruz, organizador da solenidade, afirmou que o momento teve como objetivo estreitar os la\u00e7os de parceria e valoriza\u00e7\u00e3o de cada integrante da corpora\u00e7\u00e3o que muito contribui com a nossa sociedade, al\u00e9m dos destaques no combate a criminalidade.<\/p>\n<p style=\"text-align: justify;\">Saiba mais na edi\u00e7\u00e3o 708 do Folha do Sudeste<\/p>\n<p style=\"text-align: justify;\"><img decoding=\"async\" class=\"ngg_displayed_gallery mceItem\" src=\"http:\/\/folhadosudeste.com\/site\/index.php\/nextgen-attach_to_post\/preview\/id--20398\" alt=\"\" \/><\/p>\n","protected":false},"excerpt":{"rendered":"<p>O 47\u00ba Batalh\u00e3o da Pol\u00edcia Militar realizou na manh\u00e3 desta ter\u00e7a-feira dia 10\/05\/2016, no Sal\u00e3o Nobre da FAMINAS, sediada na cidade de Muria\u00e9 \u2013 MG, uma solenidade em comemora\u00e7\u00e3o aos 30 anos da 4\u00aa Regi\u00e3o da Pol\u00edcia Militar. S\u00e3o 30 anos galgados em p\u00e1ginas ricas e memor\u00e1veis de relevantes servi\u00e7os prestados ao povo mineiro da [&hellip;]<\/p>\n","protected":false},"author":2,"featured_media":20304,"comment_status":"open","ping_status":"closed","sticky":false,"template":"","format":"standard","meta":{"_joinchat":[],"footnotes":""},"categories":[1],"tags":[],"class_list":["post-20303","post","type-post","status-publish","format-standard","has-post-thumbnail","hentry","category-sem-categoria"],"_links":{"self":[{"href":"http:\/\/folhadosudeste.com\/site\/index.php?rest_route=\/wp\/v2\/posts\/20303","targetHints":{"allow":["GET"]}}],"collection":[{"href":"http:\/\/folhadosudeste.com\/site\/index.php?rest_route=\/wp\/v2\/posts"}],"about":[{"href":"http:\/\/folhadosudeste.com\/site\/index.php?rest_route=\/wp\/v2\/types\/post"}],"author":[{"embeddable":true,"href":"http:\/\/folhadosudeste.com\/site\/index.php?rest_route=\/wp\/v2\/users\/2"}],"replies":[{"embeddable":true,"href":"http:\/\/folhadosudeste.com\/site\/index.php?rest_route=%2Fwp%2Fv2%2Fcomments&post=20303"}],"version-history":[{"count":1,"href":"http:\/\/folhadosudeste.com\/site\/index.php?rest_route=\/wp\/v2\/posts\/20303\/revisions"}],"predecessor-version":[{"id":20399,"href":"http:\/\/folhadosudeste.com\/site\/index.php?rest_route=\/wp\/v2\/posts\/20303\/revisions\/20399"}],"wp:featuredmedia":[{"embeddable":true,"href":"http:\/\/folhadosudeste.com\/site\/index.php?rest_route=\/wp\/v2\/media\/20304"}],"wp:attachment":[{"href":"http:\/\/folhadosudeste.com\/site\/index.php?rest_route=%2Fwp%2Fv2%2Fmedia&parent=20303"}],"wp:term":[{"taxonomy":"category","embeddable":true,"href":"http:\/\/folhadosudeste.com\/site\/index.php?rest_route=%2Fwp%2Fv2%2Fcategories&post=20303"},{"taxonomy":"post_tag","embeddable":true,"href":"http:\/\/folhadosudeste.com\/site\/index.php?rest_route=%2Fwp%2Fv2%2Ftags&post=20303"}],"curies":[{"name":"wp","href":"https:\/\/api.w.org\/{rel}","templated":true}]}}