{"id":20422,"date":"2016-05-13T13:41:01","date_gmt":"2016-05-13T13:41:01","guid":{"rendered":"http:\/\/folhadosudeste.com\/site\/?p=20422"},"modified":"2016-05-13T13:41:01","modified_gmt":"2016-05-13T13:41:01","slug":"ieq-tenda-das-causas-impossiveis-e-reinaugurada","status":"publish","type":"post","link":"http:\/\/folhadosudeste.com\/site\/?p=20422","title":{"rendered":"IEQ Tenda das Causas Imposs\u00edveis \u00e9 reinaugurada"},"content":{"rendered":"<p style=\"text-align: justify;\"><a href=\"http:\/\/folhadosudeste.com\/site\/wp-content\/uploads\/2016\/05\/TENDA-DAS-CAUSAS-IMPOSS\u00cdVEIS.jpg\"><img loading=\"lazy\" decoding=\"async\" class=\"aligncenter size-full wp-image-20423\" src=\"http:\/\/folhadosudeste.com\/site\/wp-content\/uploads\/2016\/05\/TENDA-DAS-CAUSAS-IMPOSS\u00cdVEIS.jpg\" alt=\"TENDA DAS CAUSAS IMPOSS\u00cdVEIS\" width=\"620\" height=\"296\" srcset=\"http:\/\/folhadosudeste.com\/site\/wp-content\/uploads\/2016\/05\/TENDA-DAS-CAUSAS-IMPOSS\u00cdVEIS.jpg 620w, http:\/\/folhadosudeste.com\/site\/wp-content\/uploads\/2016\/05\/TENDA-DAS-CAUSAS-IMPOSS\u00cdVEIS-300x143.jpg 300w\" sizes=\"auto, (max-width: 620px) 100vw, 620px\" \/><\/a><\/p>\n<p style=\"text-align: justify;\">Na noite da \u00faltima sexta (6), foi reinaugurada a Igreja do Evangelho Quadrangular Tenda das Causas Imposs\u00edveis (IEQ Barra II), sob lideran\u00e7a do Rev. Jo\u00e3o Marcos, que retornou ao local junto aos seus irm\u00e3os do Minist\u00e9rio Quadrangular para honrar e glorificar o nome do Senhor. Quase mil pessoas estiveram, presentes, prestigiando e participando de mais uma noite de cura, liberta\u00e7\u00e3o e adora\u00e7\u00e3o, ap\u00f3s um ano de espera por reformas e melhores condi\u00e7\u00f5es, buscando aprimorar cada vez mais. Para abrilhantar a nova casa, os amigos cantores Welington &amp; Fabr\u00edcio, do Rio de Janeiro, sempre presentes na igreja, compareceram pela terceira vez para entoar seus c\u00e2nticos a Deus.<\/p>\n<p style=\"text-align: justify;\">Saiba mais na edi\u00e7\u00e3o 708 do Folha do Sudeste<\/p>\n<p style=\"text-align: justify;\"><img decoding=\"async\" class=\"ngg_displayed_gallery mceItem\" src=\"http:\/\/folhadosudeste.com\/site\/index.php\/nextgen-attach_to_post\/preview\/id--20460\" alt=\"\" \/><\/p>\n","protected":false},"excerpt":{"rendered":"<p>Na noite da \u00faltima sexta (6), foi reinaugurada a Igreja do Evangelho Quadrangular Tenda das Causas Imposs\u00edveis (IEQ Barra II), sob lideran\u00e7a do Rev. Jo\u00e3o Marcos, que retornou ao local junto aos seus irm\u00e3os do Minist\u00e9rio Quadrangular para honrar e glorificar o nome do Senhor. Quase mil pessoas estiveram, presentes, prestigiando e participando de mais [&hellip;]<\/p>\n","protected":false},"author":2,"featured_media":20423,"comment_status":"open","ping_status":"closed","sticky":false,"template":"","format":"standard","meta":{"_joinchat":[],"footnotes":""},"categories":[1],"tags":[],"class_list":["post-20422","post","type-post","status-publish","format-standard","has-post-thumbnail","hentry","category-sem-categoria"],"_links":{"self":[{"href":"http:\/\/folhadosudeste.com\/site\/index.php?rest_route=\/wp\/v2\/posts\/20422","targetHints":{"allow":["GET"]}}],"collection":[{"href":"http:\/\/folhadosudeste.com\/site\/index.php?rest_route=\/wp\/v2\/posts"}],"about":[{"href":"http:\/\/folhadosudeste.com\/site\/index.php?rest_route=\/wp\/v2\/types\/post"}],"author":[{"embeddable":true,"href":"http:\/\/folhadosudeste.com\/site\/index.php?rest_route=\/wp\/v2\/users\/2"}],"replies":[{"embeddable":true,"href":"http:\/\/folhadosudeste.com\/site\/index.php?rest_route=%2Fwp%2Fv2%2Fcomments&post=20422"}],"version-history":[{"count":1,"href":"http:\/\/folhadosudeste.com\/site\/index.php?rest_route=\/wp\/v2\/posts\/20422\/revisions"}],"predecessor-version":[{"id":20461,"href":"http:\/\/folhadosudeste.com\/site\/index.php?rest_route=\/wp\/v2\/posts\/20422\/revisions\/20461"}],"wp:featuredmedia":[{"embeddable":true,"href":"http:\/\/folhadosudeste.com\/site\/index.php?rest_route=\/wp\/v2\/media\/20423"}],"wp:attachment":[{"href":"http:\/\/folhadosudeste.com\/site\/index.php?rest_route=%2Fwp%2Fv2%2Fmedia&parent=20422"}],"wp:term":[{"taxonomy":"category","embeddable":true,"href":"http:\/\/folhadosudeste.com\/site\/index.php?rest_route=%2Fwp%2Fv2%2Fcategories&post=20422"},{"taxonomy":"post_tag","embeddable":true,"href":"http:\/\/folhadosudeste.com\/site\/index.php?rest_route=%2Fwp%2Fv2%2Ftags&post=20422"}],"curies":[{"name":"wp","href":"https:\/\/api.w.org\/{rel}","templated":true}]}}