{"id":20562,"date":"2016-05-20T04:01:58","date_gmt":"2016-05-20T04:01:58","guid":{"rendered":"http:\/\/folhadosudeste.com\/site\/?p=20562"},"modified":"2016-05-20T04:01:58","modified_gmt":"2016-05-20T04:01:58","slug":"muriae-prev-em-parceria-com-prefeitura-e-demsur-participa-da-comemoracao-do-dia-do-gari","status":"publish","type":"post","link":"http:\/\/folhadosudeste.com\/site\/?p=20562","title":{"rendered":"MURIA\u00c9-PREV, em parceria com Prefeitura e DEMSUR, participa da comemora\u00e7\u00e3o do Dia do Gari"},"content":{"rendered":"<p><a href=\"http:\/\/folhadosudeste.com\/site\/wp-content\/uploads\/2016\/05\/DSC03066.jpg\"><img loading=\"lazy\" decoding=\"async\" class=\"aligncenter wp-image-20563 size-full\" src=\"http:\/\/folhadosudeste.com\/site\/wp-content\/uploads\/2016\/05\/DSC03066.jpg\" alt=\"DSC03066\" width=\"800\" height=\"533\" srcset=\"http:\/\/folhadosudeste.com\/site\/wp-content\/uploads\/2016\/05\/DSC03066.jpg 800w, http:\/\/folhadosudeste.com\/site\/wp-content\/uploads\/2016\/05\/DSC03066-300x199.jpg 300w\" sizes=\"auto, (max-width: 800px) 100vw, 800px\" \/><\/a><\/p>\n<p>Neste 16 de maio, comemoramos uma data mais do que especial: o Dia do Gari. Mas em Muria\u00e9, as comemora\u00e7\u00f5es come\u00e7aram mais cedo, na sexta-feira (13). O MURIA\u00c9-PREV, como institui\u00e7\u00e3o previdenci\u00e1ria dos servidores municipais, em parceria com a Prefeitura de Muria\u00e9 e DEMSUR, participou mais uma vez, da festividade, levando em sua mensagem, importantes orienta\u00e7\u00f5es, e homenageando merecidamente os servidores p\u00fablicos da limpeza urbana em uma bela festa, e agradecendo pelo empenho em suas atribui\u00e7\u00f5es. Centenas deles estiveram presentes, junto a seus familiares, na festa, realizada no Gin\u00e1sio Rodrig\u00e3o, que teve direito a um delicioso buffet da Padaria Imperial, sorteio de v\u00e1rios brindes entre os servidores (incluindo bicicletas) e a bela ornamenta\u00e7\u00e3o de Vaninha Festas.<\/p>\n<p>O presidente do MURIA\u00c9-PREV, Ant\u00f4nio Jos\u00e9, destacou que \u00e9 uma grande satisfa\u00e7\u00e3o para o \u00f3rg\u00e3o participar pelo 4\u00ba ano consecutivo da festividade, o que \u00e9 motivo de grande orgulho, j\u00e1 que os garis (trabalhadores da coleta de lixo) s\u00e3o colaboradores do Fundo Previdenci\u00e1rio de grande merecimento, fazendo parte de uma equipe muito competente. <em>\u201cEles deixam nossa cidade limpa, ent\u00e3o nada mais justo que homenagear e parabenizar e incentivar para que continuem zelando pela apar\u00eancia de nossa cidade. Agrade\u00e7o a todos do DEMSUR, especialmente o pessoal da limpeza urbana, que sempre nos apoiou e prestigiou. Nossas portas est\u00e3o sempre abertas para o que eles precisarem, portanto, podem contar sempre conosco, pois abra\u00e7amos a causa deles, principalmente neste dia t\u00e3o especial. \u00c9 uma parceria que sempre deu certo, consolidando um trabalho vitorioso. Felizmente consolidamos grandes conquistas para eles, como a incorpora\u00e7\u00e3o da insalubridade nos benef\u00edcios previdenci\u00e1rios. \u00c9 motivo de orgulho estar sempre com essa turma que acorda de madrugada para que as pessoas, quando acordarem, se deparem com a cidade limpa. Eles s\u00e3o muito merecedores do nosso apoio\u201d, <\/em>explica.<\/p>\n<p>O diretor geral do DEMSUR, Rodrigo Guar\u00e7oni, define como uma oportunidade primordial de homenagear os homens e mulheres que fazem de Muria\u00e9 uma cidade apresent\u00e1vel, atuando na limpeza urbana, coleta de lixo, varri\u00e7\u00e3o, etc. <em>\u201cEles s\u00e3o dignos de que nos lembremos n\u00e3o s\u00f3 nessa data, mas todos os dias, porque enquanto estamos dormindo eles est\u00e3o trabalhando. Deixo meu agradecimento a todos esses competentes e eficientes colaboradores, \u00e0 equipe que nos ajudou a organizar a festa, al\u00e9m dos parceiros que doaram os brindes e lembran\u00e7as para este dia, e o prefeito Aloysio Aquino, que sempre ap\u00f3ia essa iniciativa. Proporcionamos mais uma vez uma jun\u00e7\u00e3o da sociedade muriaeense, uma festa familiar, representando o DEMSUR, um dos \u00f3rg\u00e3os mais importantes que temos em nossa cidade. Este \u00e9 um dia feliz, mas os pr\u00f3prios garis \u00e9 que trazem a felicidade\u201d,<\/em> define.<\/p>\n<p>O prefeito Aloysio Aquino lembra que foi uma escolha muito acertada instituir a comemora\u00e7\u00e3o dessa data desde o in\u00edcio da administra\u00e7\u00e3o. <em>\u201cA cada ano estamos conseguindo prestigiar mais essa festa e \u00e9 uma importante ocasi\u00e3o para parabenizar e incentivar esse trabalho, que resulta nas nossas ruas e bairros mais limpos. Se n\u00e3o fossem eles, nossa cidade n\u00e3o estaria t\u00e3o bonita. Parab\u00e9ns e muito obrigado a todos pela contribui\u00e7\u00e3o em nosso munic\u00edpio\u201d,<\/em> afirma.<\/p>\n<p><img decoding=\"async\" class=\"ngg_displayed_gallery mceItem\" src=\"http:\/\/folhadosudeste.com\/site\/index.php\/nextgen-attach_to_post\/preview\/id--20578\" alt=\"\" \/><\/p>\n","protected":false},"excerpt":{"rendered":"<p>Neste 16 de maio, comemoramos uma data mais do que especial: o Dia do Gari. Mas em Muria\u00e9, as comemora\u00e7\u00f5es come\u00e7aram mais cedo, na sexta-feira (13). O MURIA\u00c9-PREV, como institui\u00e7\u00e3o previdenci\u00e1ria dos servidores municipais, em parceria com a Prefeitura de Muria\u00e9 e DEMSUR, participou mais uma vez, da festividade, levando em sua mensagem, importantes orienta\u00e7\u00f5es, [&hellip;]<\/p>\n","protected":false},"author":6,"featured_media":20563,"comment_status":"open","ping_status":"closed","sticky":false,"template":"","format":"standard","meta":{"_joinchat":[],"footnotes":""},"categories":[1],"tags":[],"class_list":["post-20562","post","type-post","status-publish","format-standard","has-post-thumbnail","hentry","category-sem-categoria"],"_links":{"self":[{"href":"http:\/\/folhadosudeste.com\/site\/index.php?rest_route=\/wp\/v2\/posts\/20562","targetHints":{"allow":["GET"]}}],"collection":[{"href":"http:\/\/folhadosudeste.com\/site\/index.php?rest_route=\/wp\/v2\/posts"}],"about":[{"href":"http:\/\/folhadosudeste.com\/site\/index.php?rest_route=\/wp\/v2\/types\/post"}],"author":[{"embeddable":true,"href":"http:\/\/folhadosudeste.com\/site\/index.php?rest_route=\/wp\/v2\/users\/6"}],"replies":[{"embeddable":true,"href":"http:\/\/folhadosudeste.com\/site\/index.php?rest_route=%2Fwp%2Fv2%2Fcomments&post=20562"}],"version-history":[{"count":1,"href":"http:\/\/folhadosudeste.com\/site\/index.php?rest_route=\/wp\/v2\/posts\/20562\/revisions"}],"predecessor-version":[{"id":20579,"href":"http:\/\/folhadosudeste.com\/site\/index.php?rest_route=\/wp\/v2\/posts\/20562\/revisions\/20579"}],"wp:featuredmedia":[{"embeddable":true,"href":"http:\/\/folhadosudeste.com\/site\/index.php?rest_route=\/wp\/v2\/media\/20563"}],"wp:attachment":[{"href":"http:\/\/folhadosudeste.com\/site\/index.php?rest_route=%2Fwp%2Fv2%2Fmedia&parent=20562"}],"wp:term":[{"taxonomy":"category","embeddable":true,"href":"http:\/\/folhadosudeste.com\/site\/index.php?rest_route=%2Fwp%2Fv2%2Fcategories&post=20562"},{"taxonomy":"post_tag","embeddable":true,"href":"http:\/\/folhadosudeste.com\/site\/index.php?rest_route=%2Fwp%2Fv2%2Ftags&post=20562"}],"curies":[{"name":"wp","href":"https:\/\/api.w.org\/{rel}","templated":true}]}}