{"id":20580,"date":"2016-05-20T04:06:24","date_gmt":"2016-05-20T04:06:24","guid":{"rendered":"http:\/\/folhadosudeste.com\/site\/?p=20580"},"modified":"2016-05-20T04:06:24","modified_gmt":"2016-05-20T04:06:24","slug":"congresso-missionario-de-jovens-da-ieq-atrai-grande-numero-de-pessoas-da-regiao","status":"publish","type":"post","link":"http:\/\/folhadosudeste.com\/site\/?p=20580","title":{"rendered":"Congresso Mission\u00e1rio de Jovens da IEQ atrai grande n\u00famero de pessoas da regi\u00e3o"},"content":{"rendered":"<p><a href=\"http:\/\/folhadosudeste.com\/site\/wp-content\/uploads\/2016\/05\/DSC_0225-maior.jpg\"><img loading=\"lazy\" decoding=\"async\" class=\"aligncenter wp-image-20581 size-full\" src=\"http:\/\/folhadosudeste.com\/site\/wp-content\/uploads\/2016\/05\/DSC_0225-maior.jpg\" alt=\"DSC_0225 - maior\" width=\"800\" height=\"533\" srcset=\"http:\/\/folhadosudeste.com\/site\/wp-content\/uploads\/2016\/05\/DSC_0225-maior.jpg 800w, http:\/\/folhadosudeste.com\/site\/wp-content\/uploads\/2016\/05\/DSC_0225-maior-300x199.jpg 300w\" sizes=\"auto, (max-width: 800px) 100vw, 800px\" \/><\/a><\/p>\n<p>O Minist\u00e9rio Quadrangular realizou, na IEQ Sede, no \u00faltimo s\u00e1bado (14), seu Congresso Mission\u00e1rio de Jovens, com o tema \u2018Gera\u00e7\u00e3o que se Manifesta\u2019. O evento contou com a participa\u00e7\u00e3o da Banda Isa\u00edas 9 (Leopoldina MG) e outros convidados especiais. Estiveram presentes membros de v\u00e1rias igrejas de toda regi\u00e3o, prestigiando e louvando durante toda a tarde e a noite, encerrando \u00e0s 21 horas.<\/p>\n<p>Uma das organizadoras e vice coordenadora do Grupo de Jovens, Pra. Mayra Val\u00e9ria da Silva, explica que cada vez mais o Minist\u00e9rio Quadrangular est\u00e1 passando para os jovens que eles fazem parte de uma gera\u00e7\u00e3o que pode fazer a diferen\u00e7a. <em>\u201cIndependente da religi\u00e3o, estamos aqui para fazer a diferen\u00e7a, realizar a obra de Deus, mostra que somos felizes, que somos jovens animados, alegres, independente das circunst\u00e2ncias. Esse \u00e9 nosso prop\u00f3sito. Agradecemos ao nosso l\u00edder, Rev. Wilson Reis, que tem nos apoiado muito em tudo que fazemos\u201d,<\/em> destaca.<\/p>\n<p>Tamb\u00e9m organizador e coordenador do GMJ da regi\u00e3o 415, Simpl\u00edcio Jos\u00e9 Braga, lembra que eles buscam atrair as igrejas para fazer uma for\u00e7a maior na regi\u00e3o, trazendo os jovens para conhecerem mais e melhor Cristo, que morreu por todos n\u00f3s. <em>\u201cQuem se encontra em um momento dif\u00edcil pode crescer mais com o Senhor. Esse \u00e9 um congresso que abrange Muria\u00e9 e cidades vizinhas. Agrade\u00e7o a Deus pela oportunidade de exercer este cargo, nessa regi\u00e3o que tem muito potencial e vem crescendo cada dia mais. \u00c9 uma responsabilidade muito grande trabalhar com os jovens dessa cidade, que abrangemos nessa lideran\u00e7a. Podemos melhorar, vencendo as dificuldades, com Deus nos ajudando a alcan\u00e7ar nossos objetivos\u201d,<\/em> declara.<\/p>\n<p>O l\u00edder da IEQ na regi\u00e3o, Rev. Wilson Reis, explica que o Minist\u00e9rio Quadrangular est\u00e1 inteiramente comprometido com o Evangelho. A IEQ n\u00e3o tem dono, apenas um conselho inteiramente voltado para a prega\u00e7\u00e3o da Palavra do Senhor. <em>\u201cCome\u00e7amos com as crian\u00e7as, os adolescentes e os demais jovens, com os grupos que temos. Nesse congresso vemos um grande n\u00famero deles comprometidos, unidos e decididos a fazer a fortalecer cada dia mais no conhecimento e gra\u00e7a de Jesus Cristo. Vivemos num mundo em que as tecnologias t\u00eam tomado conta da vida das pessoas e elas perderam o h\u00e1bito de acompanhar o jornal, o livro, a B\u00edblia, os documentos escritos. \u00c9 com a leitura e sua compreens\u00e3o que podemos formar uma mentalidade comprometida, porque \u00e9 algo que fica documentado eternamente. Os aplicativos de celular e a internet n\u00e3o podem de maneira nenhuma substituir a Palavra escrita, pois s\u00e3o tecnologias que tamb\u00e9m trazem muitas coisas ruins, como a pornografia, a disc\u00f3rdia, etc. Convido a todos para participarem de nossos cultos, todos os s\u00e1bados \u00e0s 19h30\u201d,<\/em> completa.<\/p>\n<p>Leonardo Fernandes de Oliveira, de Belo Horizonte MG, pastor auxiliar na IEQ em tempo integral, coordenador de casais, junto \u00e0 esposa, e vice-coordenador estadual de adolescentes, esteve pela primeira vez em Muria\u00e9 atendendo o convite do Minist\u00e9rio Quadrangular para pregar. <em>\u201cAgrade\u00e7o o convite do Simpl\u00edcio, da Mayra e do Rev. Wilson Reis. Avalio o congresso como um evento muito bem recebido. \u00c9 uma alegria poder ver hoje as igrejas cheias de jovens. Muitas vezes Deus n\u00e3o est\u00e1 dentro deles e temos que mudar isso, criar um compromisso com eles. Fui muito bem recebido nessa visita e deixo um abra\u00e7o a todos agradecendo a hospitalidade. Pretendo voltar outras vezes\u201d,<\/em> finaliza.<\/p>\n<p><img decoding=\"async\" class=\"ngg_displayed_gallery mceItem\" src=\"http:\/\/folhadosudeste.com\/site\/index.php\/nextgen-attach_to_post\/preview\/id--20614\" alt=\"\" \/><\/p>\n","protected":false},"excerpt":{"rendered":"<p>O Minist\u00e9rio Quadrangular realizou, na IEQ Sede, no \u00faltimo s\u00e1bado (14), seu Congresso Mission\u00e1rio de Jovens, com o tema \u2018Gera\u00e7\u00e3o que se Manifesta\u2019. O evento contou com a participa\u00e7\u00e3o da Banda Isa\u00edas 9 (Leopoldina MG) e outros convidados especiais. Estiveram presentes membros de v\u00e1rias igrejas de toda regi\u00e3o, prestigiando e louvando durante toda a tarde [&hellip;]<\/p>\n","protected":false},"author":6,"featured_media":20581,"comment_status":"open","ping_status":"closed","sticky":false,"template":"","format":"standard","meta":{"_joinchat":[],"footnotes":""},"categories":[1],"tags":[],"class_list":["post-20580","post","type-post","status-publish","format-standard","has-post-thumbnail","hentry","category-sem-categoria"],"_links":{"self":[{"href":"http:\/\/folhadosudeste.com\/site\/index.php?rest_route=\/wp\/v2\/posts\/20580","targetHints":{"allow":["GET"]}}],"collection":[{"href":"http:\/\/folhadosudeste.com\/site\/index.php?rest_route=\/wp\/v2\/posts"}],"about":[{"href":"http:\/\/folhadosudeste.com\/site\/index.php?rest_route=\/wp\/v2\/types\/post"}],"author":[{"embeddable":true,"href":"http:\/\/folhadosudeste.com\/site\/index.php?rest_route=\/wp\/v2\/users\/6"}],"replies":[{"embeddable":true,"href":"http:\/\/folhadosudeste.com\/site\/index.php?rest_route=%2Fwp%2Fv2%2Fcomments&post=20580"}],"version-history":[{"count":1,"href":"http:\/\/folhadosudeste.com\/site\/index.php?rest_route=\/wp\/v2\/posts\/20580\/revisions"}],"predecessor-version":[{"id":20615,"href":"http:\/\/folhadosudeste.com\/site\/index.php?rest_route=\/wp\/v2\/posts\/20580\/revisions\/20615"}],"wp:featuredmedia":[{"embeddable":true,"href":"http:\/\/folhadosudeste.com\/site\/index.php?rest_route=\/wp\/v2\/media\/20581"}],"wp:attachment":[{"href":"http:\/\/folhadosudeste.com\/site\/index.php?rest_route=%2Fwp%2Fv2%2Fmedia&parent=20580"}],"wp:term":[{"taxonomy":"category","embeddable":true,"href":"http:\/\/folhadosudeste.com\/site\/index.php?rest_route=%2Fwp%2Fv2%2Fcategories&post=20580"},{"taxonomy":"post_tag","embeddable":true,"href":"http:\/\/folhadosudeste.com\/site\/index.php?rest_route=%2Fwp%2Fv2%2Ftags&post=20580"}],"curies":[{"name":"wp","href":"https:\/\/api.w.org\/{rel}","templated":true}]}}