{"id":20680,"date":"2016-05-26T03:22:44","date_gmt":"2016-05-26T03:22:44","guid":{"rendered":"http:\/\/folhadosudeste.com\/site\/?p=20680"},"modified":"2016-05-26T03:22:44","modified_gmt":"2016-05-26T03:22:44","slug":"etapa-microrregional-jemg-2016-tem-abertura-em-muriae","status":"publish","type":"post","link":"http:\/\/folhadosudeste.com\/site\/?p=20680","title":{"rendered":"Etapa Microrregional JEMG 2016 t\u00eam abertura em Muria\u00e9"},"content":{"rendered":"<p><a href=\"http:\/\/folhadosudeste.com\/site\/wp-content\/uploads\/2016\/05\/DSC_0033.jpg\"><img loading=\"lazy\" decoding=\"async\" class=\"aligncenter wp-image-20681 size-full\" src=\"http:\/\/folhadosudeste.com\/site\/wp-content\/uploads\/2016\/05\/DSC_0033.jpg\" alt=\"DSC_0033\" width=\"800\" height=\"533\" srcset=\"http:\/\/folhadosudeste.com\/site\/wp-content\/uploads\/2016\/05\/DSC_0033.jpg 800w, http:\/\/folhadosudeste.com\/site\/wp-content\/uploads\/2016\/05\/DSC_0033-300x199.jpg 300w\" sizes=\"auto, (max-width: 800px) 100vw, 800px\" \/><\/a><\/p>\n<p>Foi dada oficialmente a abertura da etapa microrregional dos Jogos Escolares de Minas Gerais (JEMG), edi\u00e7\u00e3o 2016, na tarde da \u00faltima segunda (23), no Gin\u00e1sio Poliesportivo Rodrig\u00e3o.<\/p>\n<p>Estiveram presentes, na solenidade de abertura, autoridades de Muria\u00e9 e outras 13 cidades da regi\u00e3o, um total de 35 escolas e aproximadamente 800 atletas com idades entre 12 e 17 anos. At\u00e9 o dia 27 de maio seguem os jogos de futsal, handebol, v\u00f4lei e xadrez.<\/p>\n<p>O prefeito Aloysio Aquino disse que \u00e9 uma grande satisfa\u00e7\u00e3o receber a comitiva com as escolas e seus atletas em uma etapa microregional. <em>\u201cQue essa seja mais uma edi\u00e7\u00e3o disputada, equilibrada e com muito respeito entre os participantes\u201d,<\/em> avalia.<\/p>\n<p>A etapa microrregional JEMG 2016 re\u00fane, al\u00e9m de Muria\u00e9, as cidades de Ant\u00f4nio Prado de Minas, Bar\u00e3o do Monte Alto, Eugen\u00f3polis, Laranjal, Miradouro, Mira\u00ed, Palma, Patroc\u00ednio do Muria\u00e9, Ros\u00e1rio da Limeira, Santana do Cataguases, S\u00e3o Francisco do Gl\u00f3ria, S\u00e3o Sebasti\u00e3o da Vargem Alegre e Vieiras.<\/p>\n<p>Segundo Luiz Gustavo Vilela, professor de Educa\u00e7\u00e3o F\u00edsica e colaborador da Secretaria Municipal de Esportes, as quadras para realiza\u00e7\u00e3o dos jogos s\u00e3o: Faminas, Rodrig\u00e3o e Col\u00e9gio Santa Marcelina. <em>\u201cQue todos tenham esp\u00edrito de competi\u00e7\u00e3o, que ven\u00e7am as melhores equipes, mas que n\u00e3o esque\u00e7am do lazer, da divers\u00e3o e do entretenimento\u201d,<\/em> destaca.<\/p>\n<p>O professor de Educa\u00e7\u00e3o F\u00edsica da Escola S\u00e3o Paulo, Carlos Ant\u00f4nio Baldanza, depois de ter sido um dos escolhidos para condu\u00e7\u00e3o da Tocha Ol\u00edmpica durante sua passagem por Muria\u00e9, foi tamb\u00e9m escolhido para acender a Pira, na abertura dos jogos. <em>\u201cNada na vida \u00e9 coincid\u00eancia, quando queremos algo, conseguimos. Para mostrar que tem talento, tem que ter condi\u00e7\u00f5es. A vida \u00e9 movida a esfor\u00e7os, independente das consequ\u00eancias. O esporte \u00e9 um movimento humano, tem muita emo\u00e7\u00e3o. Deus nos fez por causa do amor e para ter amor tem que ter cria\u00e7\u00e3o. S\u00f3 vai render a partir do momento que ela fosse m\u00f3vel, algo org\u00e2nico, \u00fatil. Mostrei para nossos jovens que eles podem futuramente fazer coisas grandiosas, ter um retorno muito grande chamado disciplina e dedica\u00e7\u00e3o. J\u00e1 se v\u00e3o 30 anos dando aula de Educa\u00e7\u00e3o F\u00edsica e a vida vale muito a pena\u201d,<\/em> explica.<\/p>\n<p>O diretor educacional da Superintend\u00eancia Regional de Ensino, Sandro Carrizzo, completa: <em>\u201cA partir do JEMG, come\u00e7amos a identificar os talentos, os jovens que podem ter treinamentos mais intensivos. Na realidade, acreditamos que \u00e9 um momento extremamente importante, de promo\u00e7\u00e3o da cidadania e inclus\u00e3o social\u201d.<\/em><\/p>\n<p><strong><\/strong><img decoding=\"async\" class=\"ngg_displayed_gallery mceItem\" src=\"http:\/\/folhadosudeste.com\/site\/index.php\/nextgen-attach_to_post\/preview\/id--20694\" alt=\"\" \/><\/p>\n","protected":false},"excerpt":{"rendered":"<p>Foi dada oficialmente a abertura da etapa microrregional dos Jogos Escolares de Minas Gerais (JEMG), edi\u00e7\u00e3o 2016, na tarde da \u00faltima segunda (23), no Gin\u00e1sio Poliesportivo Rodrig\u00e3o. Estiveram presentes, na solenidade de abertura, autoridades de Muria\u00e9 e outras 13 cidades da regi\u00e3o, um total de 35 escolas e aproximadamente 800 atletas com idades entre 12 [&hellip;]<\/p>\n","protected":false},"author":6,"featured_media":20681,"comment_status":"open","ping_status":"closed","sticky":false,"template":"","format":"standard","meta":{"_joinchat":[],"footnotes":""},"categories":[1],"tags":[],"class_list":["post-20680","post","type-post","status-publish","format-standard","has-post-thumbnail","hentry","category-sem-categoria"],"_links":{"self":[{"href":"http:\/\/folhadosudeste.com\/site\/index.php?rest_route=\/wp\/v2\/posts\/20680","targetHints":{"allow":["GET"]}}],"collection":[{"href":"http:\/\/folhadosudeste.com\/site\/index.php?rest_route=\/wp\/v2\/posts"}],"about":[{"href":"http:\/\/folhadosudeste.com\/site\/index.php?rest_route=\/wp\/v2\/types\/post"}],"author":[{"embeddable":true,"href":"http:\/\/folhadosudeste.com\/site\/index.php?rest_route=\/wp\/v2\/users\/6"}],"replies":[{"embeddable":true,"href":"http:\/\/folhadosudeste.com\/site\/index.php?rest_route=%2Fwp%2Fv2%2Fcomments&post=20680"}],"version-history":[{"count":1,"href":"http:\/\/folhadosudeste.com\/site\/index.php?rest_route=\/wp\/v2\/posts\/20680\/revisions"}],"predecessor-version":[{"id":20695,"href":"http:\/\/folhadosudeste.com\/site\/index.php?rest_route=\/wp\/v2\/posts\/20680\/revisions\/20695"}],"wp:featuredmedia":[{"embeddable":true,"href":"http:\/\/folhadosudeste.com\/site\/index.php?rest_route=\/wp\/v2\/media\/20681"}],"wp:attachment":[{"href":"http:\/\/folhadosudeste.com\/site\/index.php?rest_route=%2Fwp%2Fv2%2Fmedia&parent=20680"}],"wp:term":[{"taxonomy":"category","embeddable":true,"href":"http:\/\/folhadosudeste.com\/site\/index.php?rest_route=%2Fwp%2Fv2%2Fcategories&post=20680"},{"taxonomy":"post_tag","embeddable":true,"href":"http:\/\/folhadosudeste.com\/site\/index.php?rest_route=%2Fwp%2Fv2%2Ftags&post=20680"}],"curies":[{"name":"wp","href":"https:\/\/api.w.org\/{rel}","templated":true}]}}