{"id":20714,"date":"2016-05-26T03:31:04","date_gmt":"2016-05-26T03:31:04","guid":{"rendered":"http:\/\/folhadosudeste.com\/site\/?p=20714"},"modified":"2016-05-26T03:31:04","modified_gmt":"2016-05-26T03:31:04","slug":"camara-de-rosario-da-limeira-realiza-festa-para-as-maes","status":"publish","type":"post","link":"http:\/\/folhadosudeste.com\/site\/?p=20714","title":{"rendered":"C\u00e2mara de Ros\u00e1rio da Limeira realiza Festa para as M\u00e3es"},"content":{"rendered":"<p><a href=\"http:\/\/folhadosudeste.com\/site\/wp-content\/uploads\/2016\/05\/DSC_02341.jpg\"><img loading=\"lazy\" decoding=\"async\" class=\"aligncenter wp-image-20715 size-full\" src=\"http:\/\/folhadosudeste.com\/site\/wp-content\/uploads\/2016\/05\/DSC_02341.jpg\" alt=\"DSC_0234\" width=\"800\" height=\"533\" srcset=\"http:\/\/folhadosudeste.com\/site\/wp-content\/uploads\/2016\/05\/DSC_02341.jpg 800w, http:\/\/folhadosudeste.com\/site\/wp-content\/uploads\/2016\/05\/DSC_02341-300x199.jpg 300w\" sizes=\"auto, (max-width: 800px) 100vw, 800px\" \/><\/a><\/p>\n<p>O presidente da C\u00e2mara de Vereadores de Ros\u00e1rio da Limeira, Davi Maciel, junto a seus colegas do Legislativo, promoveu, na noite da \u00faltima ter\u00e7a (24), uma bela e merecida Festa para as M\u00e3es. A participa\u00e7\u00e3o do p\u00fablico foi maci\u00e7a, tendo lotado o espa\u00e7o interno da sede da C\u00e2mara e muitas pessoas prestigiando do lado de fora, na rua. Estiveram presentes m\u00e3es de todas as idades, desde as de primeira viagem at\u00e9 as m\u00e3es por mais de uma vez (av\u00f3s, bisav\u00f3s, etc.).<\/p>\n<p>A comemora\u00e7\u00e3o vem se tornando tradi\u00e7\u00e3o no munic\u00edpio, desde que o presidente anterior da Casa, Alexandre Braga, atual vice-presidente, implementou a festividade, tr\u00eas anos atr\u00e1s. Foram distribu\u00eddos muitos presentes e compartilhado um saboroso bolo e refrigerante, na ocasi\u00e3o em que se cantou \u2018Parab\u00e9ns\u2019 a todas as m\u00e3es e tamb\u00e9m a aniversariante do dia.<\/p>\n<p><em>\u201cA popula\u00e7\u00e3o saiu muito satisfeita. Temos uma parceria muito boa com o com\u00e9rcio. N\u00e3o podemos deixar de lembrar do m\u00eas das m\u00e3es e trazer uma homenagem para elas e todo o povo do munic\u00edpio. N\u00f3s, vereadores da C\u00e2mara, estamos sempre unidos para trazer o melhor aos limeirenses\u201d,<\/em> explica Davi Maciel. Alguns membros do Legislativo de Limeira n\u00e3o puderam estar presentes devido a compromissos de agenda, mas todos colaboraram e apoiaram a organiza\u00e7\u00e3o.<\/p>\n<p><img decoding=\"async\" class=\"ngg_displayed_gallery mceItem\" src=\"http:\/\/folhadosudeste.com\/site\/index.php\/nextgen-attach_to_post\/preview\/id--20742\" alt=\"\" \/><\/p>\n","protected":false},"excerpt":{"rendered":"<p>O presidente da C\u00e2mara de Vereadores de Ros\u00e1rio da Limeira, Davi Maciel, junto a seus colegas do Legislativo, promoveu, na noite da \u00faltima ter\u00e7a (24), uma bela e merecida Festa para as M\u00e3es. A participa\u00e7\u00e3o do p\u00fablico foi maci\u00e7a, tendo lotado o espa\u00e7o interno da sede da C\u00e2mara e muitas pessoas prestigiando do lado de [&hellip;]<\/p>\n","protected":false},"author":6,"featured_media":20715,"comment_status":"open","ping_status":"closed","sticky":false,"template":"","format":"standard","meta":{"_joinchat":[],"footnotes":""},"categories":[1],"tags":[],"class_list":["post-20714","post","type-post","status-publish","format-standard","has-post-thumbnail","hentry","category-sem-categoria"],"_links":{"self":[{"href":"http:\/\/folhadosudeste.com\/site\/index.php?rest_route=\/wp\/v2\/posts\/20714","targetHints":{"allow":["GET"]}}],"collection":[{"href":"http:\/\/folhadosudeste.com\/site\/index.php?rest_route=\/wp\/v2\/posts"}],"about":[{"href":"http:\/\/folhadosudeste.com\/site\/index.php?rest_route=\/wp\/v2\/types\/post"}],"author":[{"embeddable":true,"href":"http:\/\/folhadosudeste.com\/site\/index.php?rest_route=\/wp\/v2\/users\/6"}],"replies":[{"embeddable":true,"href":"http:\/\/folhadosudeste.com\/site\/index.php?rest_route=%2Fwp%2Fv2%2Fcomments&post=20714"}],"version-history":[{"count":1,"href":"http:\/\/folhadosudeste.com\/site\/index.php?rest_route=\/wp\/v2\/posts\/20714\/revisions"}],"predecessor-version":[{"id":20743,"href":"http:\/\/folhadosudeste.com\/site\/index.php?rest_route=\/wp\/v2\/posts\/20714\/revisions\/20743"}],"wp:featuredmedia":[{"embeddable":true,"href":"http:\/\/folhadosudeste.com\/site\/index.php?rest_route=\/wp\/v2\/media\/20715"}],"wp:attachment":[{"href":"http:\/\/folhadosudeste.com\/site\/index.php?rest_route=%2Fwp%2Fv2%2Fmedia&parent=20714"}],"wp:term":[{"taxonomy":"category","embeddable":true,"href":"http:\/\/folhadosudeste.com\/site\/index.php?rest_route=%2Fwp%2Fv2%2Fcategories&post=20714"},{"taxonomy":"post_tag","embeddable":true,"href":"http:\/\/folhadosudeste.com\/site\/index.php?rest_route=%2Fwp%2Fv2%2Ftags&post=20714"}],"curies":[{"name":"wp","href":"https:\/\/api.w.org\/{rel}","templated":true}]}}