{"id":20744,"date":"2016-05-26T03:34:57","date_gmt":"2016-05-26T03:34:57","guid":{"rendered":"http:\/\/folhadosudeste.com\/site\/?p=20744"},"modified":"2016-05-26T03:34:57","modified_gmt":"2016-05-26T03:34:57","slug":"3o-encontro-do-miradourense-ausente-reune-grande-publico-da-regiao","status":"publish","type":"post","link":"http:\/\/folhadosudeste.com\/site\/?p=20744","title":{"rendered":"3\u00ba Encontro do Miradourense Ausente re\u00fane grande p\u00fablico da regi\u00e3o"},"content":{"rendered":"<p><a href=\"http:\/\/folhadosudeste.com\/site\/wp-content\/uploads\/2016\/05\/DSC_0249.jpg\"><img loading=\"lazy\" decoding=\"async\" class=\"aligncenter wp-image-20745 size-full\" src=\"http:\/\/folhadosudeste.com\/site\/wp-content\/uploads\/2016\/05\/DSC_0249.jpg\" alt=\"DSC_0249\" width=\"800\" height=\"533\" srcset=\"http:\/\/folhadosudeste.com\/site\/wp-content\/uploads\/2016\/05\/DSC_0249.jpg 800w, http:\/\/folhadosudeste.com\/site\/wp-content\/uploads\/2016\/05\/DSC_0249-300x199.jpg 300w\" sizes=\"auto, (max-width: 800px) 100vw, 800px\" \/><\/a><\/p>\n<p>O munic\u00edpio de Miradouro esteve em festa no \u00faltimo final de semana, quando aconteceu o 3\u00ba Encontro do Miradourense Ausente. O evento tem como objetivo reunir as pessoas que nasceram ou passaram grande parte de sua vida no munic\u00edpio e depois tiveram que se morar em outros lugares, a trabalho ou por outros motivos quaisquer.<\/p>\n<p>Essas pessoas t\u00eam a oportunidade de voltar \u00e0 sua querida cidade, reencontrar seus amigos e familiares e, ao mesmo tempo, perceber as mudan\u00e7as realizadas pela administra\u00e7\u00e3o municipal para melhoria da infra-estrutura local e qualidade de vida das pessoas. Enfim, experimentam os benef\u00edcios que vieram em consequ\u00eancia do crescimento e desenvolvimento de Miradouro.<\/p>\n<p>De acordo com o prefeito Mirim, antigamente as pessoas abandonavam a cidade porque n\u00e3o tinham possibilidades de obter recursos consider\u00e1veis em suas atividades, sustentando suas fam\u00edlias, realidade que passou a ser mudada. <em>\u201cEssa festa \u00e9 uma oportunidade que temos de trazer esses miradourenses de volta, resgatando sua identidade, perdida anos atr\u00e1s, e contando sempre com a presen\u00e7a da popula\u00e7\u00e3o, que ap\u00f3ia nossas iniciativas\u201d, <\/em>explica.<\/p>\n<p>Na oportunidade, foi inaugurada a reconstru\u00e7\u00e3o da Pra\u00e7a Santa Rita, uma obra de qualidade com o selo da administra\u00e7\u00e3o, que procura sempre prestar um servi\u00e7o bem feito como forma de respeito aos cidad\u00e3os miradourenses. Entre as modifica\u00e7\u00f5es muito elogiadas por quem passava pelo local, o chafariz torna-se um ponto muito atrativo, mas a preocupa\u00e7\u00e3o foi com todas as faixas et\u00e1rias: parquinho para as crian\u00e7as e local para os idosos jogarem dama, al\u00e9m de sinal de wi-fi disponibilizado e um banheiro p\u00fablico com design moderno, uma verdadeira obra de arte e luxo, algo que fazia muita falta para a popula\u00e7\u00e3o rural quando passava pela \u00e1rea urbana.<\/p>\n<p>Comemorando o dia de Santa Rita de C\u00e1ssia, 22 de maio, as festividades inclu\u00edram uma saborosa feijoada servida no sal\u00e3o da igreja, entre outras atividades durante tr\u00eas dias festivos, satisfazendo todos os presentes. <em>\u201cFicamos felizes em ver que o povo aprovou as mudan\u00e7as que proporcionamos. Isso \u00e9 muito gratificante para n\u00f3s. Neste final de semana tamb\u00e9m iniciamos os jogos do Campeonato Municipal, destacando nosso apoio ao esporte e \u00e0 juventude, afinal, educa\u00e7\u00e3o, esporte e religi\u00e3o s\u00e3o as tr\u00eas bases para a forma\u00e7\u00e3o de um bom cidad\u00e3o\u201d,<\/em> explica. O melhor estava ainda por vir: a dupla sertaneja Teodoro &amp; Sampaio fez um grande show, relembrando seus maiores sucessos e fazendo o p\u00fablico dan\u00e7ar at\u00e9 altas horas ao som da boa e afinada viola. E o p\u00fablico gostou do que viu e agitou a cidade. Esse final de semana vai ficar marcado pra sempre na mem\u00f3ria de quem vive e esteve em Miradouro.<\/p>\n<p><img decoding=\"async\" class=\"ngg_displayed_gallery mceItem\" src=\"http:\/\/folhadosudeste.com\/site\/index.php\/nextgen-attach_to_post\/preview\/id--20790\" alt=\"\" \/><\/p>\n","protected":false},"excerpt":{"rendered":"<p>O munic\u00edpio de Miradouro esteve em festa no \u00faltimo final de semana, quando aconteceu o 3\u00ba Encontro do Miradourense Ausente. O evento tem como objetivo reunir as pessoas que nasceram ou passaram grande parte de sua vida no munic\u00edpio e depois tiveram que se morar em outros lugares, a trabalho ou por outros motivos quaisquer. [&hellip;]<\/p>\n","protected":false},"author":6,"featured_media":20745,"comment_status":"open","ping_status":"closed","sticky":false,"template":"","format":"standard","meta":{"_joinchat":[],"footnotes":""},"categories":[1],"tags":[],"class_list":["post-20744","post","type-post","status-publish","format-standard","has-post-thumbnail","hentry","category-sem-categoria"],"_links":{"self":[{"href":"http:\/\/folhadosudeste.com\/site\/index.php?rest_route=\/wp\/v2\/posts\/20744","targetHints":{"allow":["GET"]}}],"collection":[{"href":"http:\/\/folhadosudeste.com\/site\/index.php?rest_route=\/wp\/v2\/posts"}],"about":[{"href":"http:\/\/folhadosudeste.com\/site\/index.php?rest_route=\/wp\/v2\/types\/post"}],"author":[{"embeddable":true,"href":"http:\/\/folhadosudeste.com\/site\/index.php?rest_route=\/wp\/v2\/users\/6"}],"replies":[{"embeddable":true,"href":"http:\/\/folhadosudeste.com\/site\/index.php?rest_route=%2Fwp%2Fv2%2Fcomments&post=20744"}],"version-history":[{"count":1,"href":"http:\/\/folhadosudeste.com\/site\/index.php?rest_route=\/wp\/v2\/posts\/20744\/revisions"}],"predecessor-version":[{"id":20791,"href":"http:\/\/folhadosudeste.com\/site\/index.php?rest_route=\/wp\/v2\/posts\/20744\/revisions\/20791"}],"wp:featuredmedia":[{"embeddable":true,"href":"http:\/\/folhadosudeste.com\/site\/index.php?rest_route=\/wp\/v2\/media\/20745"}],"wp:attachment":[{"href":"http:\/\/folhadosudeste.com\/site\/index.php?rest_route=%2Fwp%2Fv2%2Fmedia&parent=20744"}],"wp:term":[{"taxonomy":"category","embeddable":true,"href":"http:\/\/folhadosudeste.com\/site\/index.php?rest_route=%2Fwp%2Fv2%2Fcategories&post=20744"},{"taxonomy":"post_tag","embeddable":true,"href":"http:\/\/folhadosudeste.com\/site\/index.php?rest_route=%2Fwp%2Fv2%2Ftags&post=20744"}],"curies":[{"name":"wp","href":"https:\/\/api.w.org\/{rel}","templated":true}]}}