{"id":21964,"date":"2016-06-03T12:11:21","date_gmt":"2016-06-03T12:11:21","guid":{"rendered":"http:\/\/folhadosudeste.com\/site\/?p=21964"},"modified":"2016-06-03T12:11:21","modified_gmt":"2016-06-03T12:11:21","slug":"inaugurada-nova-sede-do-creas-em-muriae","status":"publish","type":"post","link":"http:\/\/folhadosudeste.com\/site\/?p=21964","title":{"rendered":"Inaugurada nova sede do CREAS em Muria\u00e9"},"content":{"rendered":"<p><a href=\"http:\/\/folhadosudeste.com\/site\/wp-content\/uploads\/2016\/06\/DSC04879.jpg\"><img loading=\"lazy\" decoding=\"async\" class=\"aligncenter wp-image-21965 size-full\" src=\"http:\/\/folhadosudeste.com\/site\/wp-content\/uploads\/2016\/06\/DSC04879.jpg\" alt=\"DSC04879\" width=\"800\" height=\"533\" srcset=\"http:\/\/folhadosudeste.com\/site\/wp-content\/uploads\/2016\/06\/DSC04879.jpg 800w, http:\/\/folhadosudeste.com\/site\/wp-content\/uploads\/2016\/06\/DSC04879-300x199.jpg 300w\" sizes=\"auto, (max-width: 800px) 100vw, 800px\" \/><\/a><\/p>\n<p>A Prefeitura de Muria\u00e9, por meio da Secretaria Municipal de Desenvolvimento Social, inaugurou, na noite da \u00faltima ter\u00e7a (31), o Centro de Refer\u00eancia Especializado de Assist\u00eancia Social (CREAS), localizado pr\u00f3ximo Centro Educacional Dom Delfim. A abertura oficial da nova sede foi feita pelo prefeito Aloysio Aquino e a secret\u00e1ria municipal de Desenvolvimento Social, Claudia Aquino, com a participa\u00e7\u00e3o de v\u00e1rias autoridades municipais e representantes da sociedade muriaeense.<\/p>\n<p>A nova unidade conta com ampla recep\u00e7\u00e3o para o p\u00fablico, possui cinco salas de atendimento (todas devidamente climatizadas), arquivo, almoxarifado, cozinha e banheiros adaptados, al\u00e9m de ambiente para atividades ao ar livre. O servi\u00e7o funcionava, anteriormente, nos fundos do antigo pr\u00e9dio do Centro Educacional Dom Delfim, mas as instala\u00e7\u00f5es j\u00e1 n\u00e3o se mostravam adequadas para a realiza\u00e7\u00e3o dos servi\u00e7os.<\/p>\n<p>O CREAS oferece prote\u00e7\u00e3o e atendimento especializado \u00e0s fam\u00edlias e indiv\u00edduos em situa\u00e7\u00e3o de risco pessoal e social, tais como v\u00edtimas de viol\u00eancia f\u00edsica, psicol\u00f3gica e\/ou sexual, de trabalho infantil, neglig\u00eancia, abandono e discrimina\u00e7\u00e3o, entre outras possibilidades. A institui\u00e7\u00e3o presta atendimento psicossocial e de orienta\u00e7\u00e3o jur\u00eddica a indiv\u00edduos e fam\u00edlias com direitos violados.<\/p>\n<p>Segundo a secret\u00e1ria municipal de Desenvolvimento Social, Claudia Aquino, \u00e9 uma grande satisfa\u00e7\u00e3o inaugurar a sede pr\u00f3pria do CREAS, funcionando em um espa\u00e7o independente e com total infra-estrutura com acessibilidade e conforto para melhor atender os usu\u00e1rios do servi\u00e7o. <em>\u201cO CREAS \u00e9 um dos equipamentos da Secretaria Municipal de Desenvolvimento Social, que tem como objetivo ofertar servi\u00e7os \u00e0s fam\u00edlias e indiv\u00edduos com amea\u00e7as e viola\u00e7\u00e3o de direitos, atrav\u00e9s da potencializa\u00e7\u00e3o de recursos e prote\u00e7\u00e3o, trabalhando de forma articulada com a rede de assist\u00eancia social, \u00f3rg\u00e3os de defesa de direitos e das demais pol\u00edticas p\u00fablicas. Essa \u00e9 mais uma conquista da atual Administra\u00e7\u00e3o, que v\u00ea os problemas sociais com sensibilidade e demonstra grande compromisso na busca pela diminui\u00e7\u00e3o das desigualdades e melhoria da qualidade de vida no munic\u00edpio\u201d, <\/em>explica.<\/p>\n<p>O prefeito Aloysio Aquino avaliou positivamente a nova sede do CREAS que visa proporcionar uma assist\u00eancia melhor para as pessoas atendidas e para os pr\u00f3prios colaboradores, com um melhor ambiente de trabalho. <em>\u201cTrata-se de uma aquisi\u00e7\u00e3o muito importante para as fam\u00edlias de Muria\u00e9, oferecendo muito mais qualidade e conforto, contando tamb\u00e9m com um acabamento impec\u00e1vel. \u00c9 um trabalho que transmite seguran\u00e7a, as pessoas podem manter seu sigilo, com as assistentes sociais e os psic\u00f3logos. Colocamos a pol\u00edtica social como um direito do cidad\u00e3o e n\u00e3o desenvolvemos a\u00e7\u00f5es meramente assistencialistas, mas promovemos pol\u00edticas p\u00fablicas de qualidade, levando direito, igualdade e dignidade aos muriaeenses. Ficamos felizes em contribuir para melhorar a vida das comunidades amea\u00e7adas e por proporcionar grandes benef\u00edcios\u201d,<\/em> acrescenta.<\/p>\n<p><img decoding=\"async\" class=\"ngg_displayed_gallery mceItem\" src=\"http:\/\/folhadosudeste.com\/site\/index.php\/nextgen-attach_to_post\/preview\/id--21980\" alt=\"\" \/><\/p>\n","protected":false},"excerpt":{"rendered":"<p>A Prefeitura de Muria\u00e9, por meio da Secretaria Municipal de Desenvolvimento Social, inaugurou, na noite da \u00faltima ter\u00e7a (31), o Centro de Refer\u00eancia Especializado de Assist\u00eancia Social (CREAS), localizado pr\u00f3ximo Centro Educacional Dom Delfim. A abertura oficial da nova sede foi feita pelo prefeito Aloysio Aquino e a secret\u00e1ria municipal de Desenvolvimento Social, Claudia Aquino, [&hellip;]<\/p>\n","protected":false},"author":6,"featured_media":21965,"comment_status":"open","ping_status":"closed","sticky":false,"template":"","format":"standard","meta":{"_joinchat":[],"footnotes":""},"categories":[1],"tags":[],"class_list":["post-21964","post","type-post","status-publish","format-standard","has-post-thumbnail","hentry","category-sem-categoria"],"_links":{"self":[{"href":"http:\/\/folhadosudeste.com\/site\/index.php?rest_route=\/wp\/v2\/posts\/21964","targetHints":{"allow":["GET"]}}],"collection":[{"href":"http:\/\/folhadosudeste.com\/site\/index.php?rest_route=\/wp\/v2\/posts"}],"about":[{"href":"http:\/\/folhadosudeste.com\/site\/index.php?rest_route=\/wp\/v2\/types\/post"}],"author":[{"embeddable":true,"href":"http:\/\/folhadosudeste.com\/site\/index.php?rest_route=\/wp\/v2\/users\/6"}],"replies":[{"embeddable":true,"href":"http:\/\/folhadosudeste.com\/site\/index.php?rest_route=%2Fwp%2Fv2%2Fcomments&post=21964"}],"version-history":[{"count":1,"href":"http:\/\/folhadosudeste.com\/site\/index.php?rest_route=\/wp\/v2\/posts\/21964\/revisions"}],"predecessor-version":[{"id":21981,"href":"http:\/\/folhadosudeste.com\/site\/index.php?rest_route=\/wp\/v2\/posts\/21964\/revisions\/21981"}],"wp:featuredmedia":[{"embeddable":true,"href":"http:\/\/folhadosudeste.com\/site\/index.php?rest_route=\/wp\/v2\/media\/21965"}],"wp:attachment":[{"href":"http:\/\/folhadosudeste.com\/site\/index.php?rest_route=%2Fwp%2Fv2%2Fmedia&parent=21964"}],"wp:term":[{"taxonomy":"category","embeddable":true,"href":"http:\/\/folhadosudeste.com\/site\/index.php?rest_route=%2Fwp%2Fv2%2Fcategories&post=21964"},{"taxonomy":"post_tag","embeddable":true,"href":"http:\/\/folhadosudeste.com\/site\/index.php?rest_route=%2Fwp%2Fv2%2Ftags&post=21964"}],"curies":[{"name":"wp","href":"https:\/\/api.w.org\/{rel}","templated":true}]}}