{"id":22029,"date":"2016-06-17T11:17:57","date_gmt":"2016-06-17T11:17:57","guid":{"rendered":"http:\/\/folhadosudeste.com\/site\/?p=22029"},"modified":"2016-06-17T11:17:57","modified_gmt":"2016-06-17T11:17:57","slug":"cavalgada-cultural-comitiva-redia-solta-de-vermelho","status":"publish","type":"post","link":"http:\/\/folhadosudeste.com\/site\/?p=22029","title":{"rendered":"Cavalgada Cultural Comitiva R\u00e9dia Solta de Vermelho"},"content":{"rendered":"<p><a href=\"http:\/\/folhadosudeste.com\/site\/wp-content\/uploads\/2016\/06\/DSC_0218.jpg\"><img loading=\"lazy\" decoding=\"async\" class=\"aligncenter wp-image-22030 size-full\" src=\"http:\/\/folhadosudeste.com\/site\/wp-content\/uploads\/2016\/06\/DSC_0218.jpg\" alt=\"DSC_0218\" width=\"800\" height=\"533\" srcset=\"http:\/\/folhadosudeste.com\/site\/wp-content\/uploads\/2016\/06\/DSC_0218.jpg 800w, http:\/\/folhadosudeste.com\/site\/wp-content\/uploads\/2016\/06\/DSC_0218-300x199.jpg 300w\" sizes=\"auto, (max-width: 800px) 100vw, 800px\" \/><\/a><\/p>\n<p>O distrito de Vermelho sediou, nos dias 11 e 12 de junho, a 2\u00aa edi\u00e7\u00e3o da Cavalgada Comitiva R\u00e9dia Solta. Um grupo de amigos resolveu ampliar a cavalgada e fazer um dia de festa. O sucesso foi t\u00e3o grande que a comunidade cobrou algo maior. O grupo contou com o apoio da Prefeitura de Muria\u00e9, por meio da Fundarte, do vereador Devail Gomes Corr\u00eaa, do Jo\u00e3o da Farm\u00e1cia (Drogaria Santa Teresa), do Juninho do A\u00e7ougue e do Sargento Fabiano. No s\u00e1bado (11), aconteceu a abertura oficial com a presen\u00e7a do prefeito Aloysio Aquino, da Gilca Napier, diretora geral da Fundarte e outras autoridades, logo em seguida aconteceu apresenta\u00e7\u00e3o do Teatro Grupo Lazer Ativo de Vermelho, elei\u00e7\u00e3o da Rainha da Cavalgada (14-17 anos e 18-25 anos) e show com Wemerson Ara\u00fajo. J\u00e1 no domingo (12), foi oferecido um caf\u00e9 da manh\u00e3 pela Barraca da Igreja Santa Tereza D\u2019\u00c0vila. 300 a 400 cavaleiros e amazonas participaram e o percurso envolveu aproximadamente 16 quil\u00f4metros, saindo do distrito (Campo de Cima) e seguindo at\u00e9 pr\u00f3ximo \u00e0 Cachoeira da Fuma\u00e7a. Depois, os presentes confraternizaram em um almo\u00e7o, tamb\u00e9m na barraca da igreja. Tamb\u00e9m teve uma apresenta\u00e7\u00e3o do Grupo de Violeiros de Muria\u00e9, apresenta\u00e7\u00e3o do Grupo Folcl\u00f3rico Santa Terezinha (dirigido por Shirleyy Melo), show com Rick &amp; Jhonny, teve tamb\u00e9m uma tenda de leitura da Biblioteca Municipal Vivaldi Wenceslau Moreira- Projeto Prazer em Ler, Prazer em Conhecer. A festa contou com a participa\u00e7\u00e3o de Xandy e Rony \u2013 Forroz\u00e3o Sertanejo e Jo\u00e3ozinho do Acordeon e a locu\u00e7\u00e3o de Luciano Prata.<\/p>\n<p><em>\u201cAtingimos os objetivos e realizamos a cavalgada e o show, tivemos comitivas de v\u00e1rios lugares, inclusive de outras cidades, muitos deles cavalgando, ent\u00e3o nossas expectativas foram cumpridas. Aqui \u00e9 um lugar para amantes de cavalos. O tempo favoreceu e a comunidade vai cada vez mais tomando consci\u00eancia da necessidade de preserva\u00e7\u00e3o do meio ambiente, dia ap\u00f3s dia. Essa \u00e9 a inten\u00e7\u00e3o\u201d,<\/em> explica Fabiano Antonio Oliveira Silva (Sgto. Fabiano), que faz parte da diretoria da Comitiva R\u00e9dia Solta.<\/p>\n<p>O vereador Devail Gomes Corr\u00eaa agradeceu a presen\u00e7a de todos, bem como parabenizou a diretora geral da Fundarte, Gilca Napier, e o prefeito Aloysio Aquino, pelo apoio, a todos os empres\u00e1rios que colaboraram e todos da organiza\u00e7\u00e3o<em>\u201cTeremos tamb\u00e9m a 6\u00aa exposi\u00e7\u00e3o e s\u00e3o eventos que tem um sucesso muito grande. Tenho certeza de que ser\u00e1 tamb\u00e9m uma festa muito boa, com show gospel e muita gente bonita. S\u00f3 tenho que agradecer a todos os visitantes da regi\u00e3o presentes. Vermelho \u00e9 um dos melhores lugares para se morar, uma cultura familiar de festas e a todo momento somos cobrados para isso. Conseguimos levar seguran\u00e7a \u00e0 popula\u00e7\u00e3o e, como sempre buscamos melhorias. Esse ano contamos tamb\u00e9m com a colabora\u00e7\u00e3o da barraca da igreja, que hoje tem local para comemorar casamentos e festas\u201d,<\/em> acrescenta.<\/p>\n<p>Para Gilca Napier, a festa foi um verdadeiro sucesso, recebendo a denomina\u00e7\u00e3o de Cavalgada Cultural Comitiva R\u00e9dia Solta. <em>\u201cEm Muria\u00e9, muitas pessoas amam o cavalo, ent\u00e3o queremos preservar essa cultura. A festa teve \u00e0 sua frente excelentes pessoas na organiza\u00e7\u00e3o, para que ficasse tudo bem organizado. Foi mais uma festa de fam\u00edlia e todos puderam se divertir com seguran\u00e7a e prestigiar as atra\u00e7\u00f5es, como a Quadrilha do grupo da Shirleyy entre outras\u201d, <\/em>completa.<\/p>\n<p>O evento teve apoio da Lei de Incentivo \u00e0 Cultura, Sociedade Musical Uni\u00e3o dos Artistas, Circuito Cultural Grande Hotel Muriahe, Instituto Votorantim, Energisa, Fundarte, Prefeitura de Muria\u00e9, Secretaria de Cultura de Minas Gerais, Governo de Minas Gerais, Minist\u00e9rio da Cultura e Governo Federal.<\/p>\n<p><img decoding=\"async\" class=\"ngg_displayed_gallery mceItem\" src=\"http:\/\/folhadosudeste.com\/site\/index.php\/nextgen-attach_to_post\/preview\/id--22075\" alt=\"\" \/><\/p>\n","protected":false},"excerpt":{"rendered":"<p>O distrito de Vermelho sediou, nos dias 11 e 12 de junho, a 2\u00aa edi\u00e7\u00e3o da Cavalgada Comitiva R\u00e9dia Solta. Um grupo de amigos resolveu ampliar a cavalgada e fazer um dia de festa. O sucesso foi t\u00e3o grande que a comunidade cobrou algo maior. O grupo contou com o apoio da Prefeitura de Muria\u00e9, [&hellip;]<\/p>\n","protected":false},"author":6,"featured_media":22030,"comment_status":"open","ping_status":"closed","sticky":false,"template":"","format":"standard","meta":{"_joinchat":[],"footnotes":""},"categories":[1],"tags":[],"class_list":["post-22029","post","type-post","status-publish","format-standard","has-post-thumbnail","hentry","category-sem-categoria"],"_links":{"self":[{"href":"http:\/\/folhadosudeste.com\/site\/index.php?rest_route=\/wp\/v2\/posts\/22029","targetHints":{"allow":["GET"]}}],"collection":[{"href":"http:\/\/folhadosudeste.com\/site\/index.php?rest_route=\/wp\/v2\/posts"}],"about":[{"href":"http:\/\/folhadosudeste.com\/site\/index.php?rest_route=\/wp\/v2\/types\/post"}],"author":[{"embeddable":true,"href":"http:\/\/folhadosudeste.com\/site\/index.php?rest_route=\/wp\/v2\/users\/6"}],"replies":[{"embeddable":true,"href":"http:\/\/folhadosudeste.com\/site\/index.php?rest_route=%2Fwp%2Fv2%2Fcomments&post=22029"}],"version-history":[{"count":1,"href":"http:\/\/folhadosudeste.com\/site\/index.php?rest_route=\/wp\/v2\/posts\/22029\/revisions"}],"predecessor-version":[{"id":22076,"href":"http:\/\/folhadosudeste.com\/site\/index.php?rest_route=\/wp\/v2\/posts\/22029\/revisions\/22076"}],"wp:featuredmedia":[{"embeddable":true,"href":"http:\/\/folhadosudeste.com\/site\/index.php?rest_route=\/wp\/v2\/media\/22030"}],"wp:attachment":[{"href":"http:\/\/folhadosudeste.com\/site\/index.php?rest_route=%2Fwp%2Fv2%2Fmedia&parent=22029"}],"wp:term":[{"taxonomy":"category","embeddable":true,"href":"http:\/\/folhadosudeste.com\/site\/index.php?rest_route=%2Fwp%2Fv2%2Fcategories&post=22029"},{"taxonomy":"post_tag","embeddable":true,"href":"http:\/\/folhadosudeste.com\/site\/index.php?rest_route=%2Fwp%2Fv2%2Ftags&post=22029"}],"curies":[{"name":"wp","href":"https:\/\/api.w.org\/{rel}","templated":true}]}}