{"id":22353,"date":"2016-06-24T12:33:14","date_gmt":"2016-06-24T12:33:14","guid":{"rendered":"http:\/\/folhadosudeste.com\/site\/?p=22353"},"modified":"2016-06-24T12:33:59","modified_gmt":"2016-06-24T12:33:59","slug":"bpm-comemora-mais-um-aniversario-com-solenidade-civica-militar-e-entrega-de-homenagens","status":"publish","type":"post","link":"http:\/\/folhadosudeste.com\/site\/?p=22353","title":{"rendered":"BPM comemora mais um anivers\u00e1rio com solenidade c\u00edvica militar e entrega de homenagens"},"content":{"rendered":"<p><a href=\"http:\/\/folhadosudeste.com\/site\/wp-content\/uploads\/2016\/06\/DRA-RAQUEL-2.jpg\"><img loading=\"lazy\" decoding=\"async\" class=\"aligncenter wp-image-22354 size-full\" src=\"http:\/\/folhadosudeste.com\/site\/wp-content\/uploads\/2016\/06\/DRA-RAQUEL-2.jpg\" alt=\"DRA RAQUEL 2\" width=\"800\" height=\"533\" srcset=\"http:\/\/folhadosudeste.com\/site\/wp-content\/uploads\/2016\/06\/DRA-RAQUEL-2.jpg 800w, http:\/\/folhadosudeste.com\/site\/wp-content\/uploads\/2016\/06\/DRA-RAQUEL-2-300x199.jpg 300w\" sizes=\"auto, (max-width: 800px) 100vw, 800px\" \/><\/a><\/p>\n<p>A tarde do dia 16 de junho foi de muitos festejos, comemora\u00e7\u00f5es e homenagens, em alus\u00e3o aos 241 anos da Pol\u00edcia Militar de Minas Gerais (PMMG) e 9 anos do 47\u00ba Batalh\u00e3o da Pol\u00edcia Militar (47\u00ba BPM), que promoveu uma solenidade c\u00edvica militar em sua sede. Foram entregues Certificados de Dever Cumprido, Pr\u00eamios Guardi\u00e3o da Divisa, Medalhas de M\u00e9rito Militar Grau Prata, Medalhas de M\u00e9rito Militar Grau Bronze, Medalha de M\u00e9rito Profissional e Medalha Alferes Tiradentes a pessoas f\u00edsicas e jur\u00eddicas do mundo civil, militares da ativa e da reserva, pelos relevantes servi\u00e7os prestados \u00e0 Institui\u00e7\u00e3o Militar e em prol da promo\u00e7\u00e3o da paz social.<\/p>\n<p>Tenente Coronel Raniere Marcos da Cruz destacou que trata-se de mais uma data comemorativa e que os militares n\u00e3o poderiam deixar de comemorar o dia e homenagear os colaboradores e profissionais que se destacaram nas atividades operacionais e administrativas, al\u00e9m dos pr\u00f3prios policiais, que, depois de cumprir prontamente seus servi\u00e7os, e passando para a inatividade, foram condecorados. <em>\u201cRefor\u00e7amos a import\u00e2ncia dessas comemora\u00e7\u00f5es porque a sociedade depende da Pol\u00edcia Militar e essa \u00e9 uma rela\u00e7\u00e3o rec\u00edproca. Desejamos continuar nossos esfor\u00e7os em prol da ordem e da seguran\u00e7a em Muria\u00e9 e regi\u00e3o, bem como sabemos que os demais profissionais continuar\u00e3o fazendo seu melhor para o desenvolvimento do munic\u00edpio e da qualidade de vida das pessoas\u201d,<\/em> completa.<\/p>\n<p><img decoding=\"async\" class=\"ngg_displayed_gallery mceItem\" src=\"http:\/\/folhadosudeste.com\/site\/index.php\/nextgen-attach_to_post\/preview\/id--22387\" alt=\"\" \/><\/p>\n","protected":false},"excerpt":{"rendered":"<p>A tarde do dia 16 de junho foi de muitos festejos, comemora\u00e7\u00f5es e homenagens, em alus\u00e3o aos 241 anos da Pol\u00edcia Militar de Minas Gerais (PMMG) e 9 anos do 47\u00ba Batalh\u00e3o da Pol\u00edcia Militar (47\u00ba BPM), que promoveu uma solenidade c\u00edvica militar em sua sede. Foram entregues Certificados de Dever Cumprido, Pr\u00eamios Guardi\u00e3o da [&hellip;]<\/p>\n","protected":false},"author":6,"featured_media":22354,"comment_status":"open","ping_status":"closed","sticky":false,"template":"","format":"standard","meta":{"_joinchat":[],"footnotes":""},"categories":[1],"tags":[],"class_list":["post-22353","post","type-post","status-publish","format-standard","has-post-thumbnail","hentry","category-sem-categoria"],"_links":{"self":[{"href":"http:\/\/folhadosudeste.com\/site\/index.php?rest_route=\/wp\/v2\/posts\/22353","targetHints":{"allow":["GET"]}}],"collection":[{"href":"http:\/\/folhadosudeste.com\/site\/index.php?rest_route=\/wp\/v2\/posts"}],"about":[{"href":"http:\/\/folhadosudeste.com\/site\/index.php?rest_route=\/wp\/v2\/types\/post"}],"author":[{"embeddable":true,"href":"http:\/\/folhadosudeste.com\/site\/index.php?rest_route=\/wp\/v2\/users\/6"}],"replies":[{"embeddable":true,"href":"http:\/\/folhadosudeste.com\/site\/index.php?rest_route=%2Fwp%2Fv2%2Fcomments&post=22353"}],"version-history":[{"count":1,"href":"http:\/\/folhadosudeste.com\/site\/index.php?rest_route=\/wp\/v2\/posts\/22353\/revisions"}],"predecessor-version":[{"id":22388,"href":"http:\/\/folhadosudeste.com\/site\/index.php?rest_route=\/wp\/v2\/posts\/22353\/revisions\/22388"}],"wp:featuredmedia":[{"embeddable":true,"href":"http:\/\/folhadosudeste.com\/site\/index.php?rest_route=\/wp\/v2\/media\/22354"}],"wp:attachment":[{"href":"http:\/\/folhadosudeste.com\/site\/index.php?rest_route=%2Fwp%2Fv2%2Fmedia&parent=22353"}],"wp:term":[{"taxonomy":"category","embeddable":true,"href":"http:\/\/folhadosudeste.com\/site\/index.php?rest_route=%2Fwp%2Fv2%2Fcategories&post=22353"},{"taxonomy":"post_tag","embeddable":true,"href":"http:\/\/folhadosudeste.com\/site\/index.php?rest_route=%2Fwp%2Fv2%2Ftags&post=22353"}],"curies":[{"name":"wp","href":"https:\/\/api.w.org\/{rel}","templated":true}]}}