{"id":22435,"date":"2016-06-24T12:48:41","date_gmt":"2016-06-24T12:48:41","guid":{"rendered":"http:\/\/folhadosudeste.com\/site\/?p=22435"},"modified":"2016-06-24T12:48:41","modified_gmt":"2016-06-24T12:48:41","slug":"secretaria-de-educacao-realiza-3o-encontro-de-educadores-do-6o-ao-9o-ano-da-rede-municipal-de-ensino","status":"publish","type":"post","link":"http:\/\/folhadosudeste.com\/site\/?p=22435","title":{"rendered":"Secretaria de Educa\u00e7\u00e3o realiza 3\u00ba Encontro de Educadores do 6\u00ba ao 9\u00ba ano da Rede Municipal de Ensino"},"content":{"rendered":"<p><a href=\"http:\/\/folhadosudeste.com\/site\/wp-content\/uploads\/2016\/06\/DSC05821.jpg\"><img loading=\"lazy\" decoding=\"async\" class=\"aligncenter wp-image-22436 size-full\" src=\"http:\/\/folhadosudeste.com\/site\/wp-content\/uploads\/2016\/06\/DSC05821.jpg\" alt=\"DSC05821\" width=\"800\" height=\"533\" srcset=\"http:\/\/folhadosudeste.com\/site\/wp-content\/uploads\/2016\/06\/DSC05821.jpg 800w, http:\/\/folhadosudeste.com\/site\/wp-content\/uploads\/2016\/06\/DSC05821-300x199.jpg 300w\" sizes=\"auto, (max-width: 800px) 100vw, 800px\" \/><\/a><\/p>\n<p>O 3\u00ba Encontro de Educadores do 6\u00ba ao 9\u00ba ano da Rede Municipal de Ensino foi realizado na manh\u00e3 da \u00faltima sexta (17), no Teatro Zaccaria Marques, uma iniciativa da Prefeitura de Muria\u00e9, por meio da Secretaria Municipal de Educa\u00e7\u00e3o com objetivo de promover reflex\u00f5es sobre o trabalho pedag\u00f3gico desenvolvido na escola, abordando os desafios e conflitos estabelecidos nas institui\u00e7\u00f5es de ensino, permitindo uma troca de experi\u00eancias entre os pedagogos, professores e demais educadores, bem como atendendo suas necessidades de orienta\u00e7\u00e3o e direcionamento. O evento teve a colabora\u00e7\u00e3o da Faculdade S\u00e3o Braz, parceira do evento.<\/p>\n<p>Durante a palestra aconteceu duas apresenta\u00e7\u00f5es de dan\u00e7a das Escolas Stela Fidelis e Elza Rog\u00e9rio.<\/p>\n<p>A palestrante, coach e facilitadora-pedag\u00f3gica Prof\u00aa Neide Regina de Almeida Leandra (Faculdade S\u00e3o Braz) iniciou com Magist\u00e9rio, concluiu Especializa\u00e7\u00e3o com Educa\u00e7\u00e3o Infantil, fez Estudos Sociais, Hist\u00f3ria, Pedagogia e p\u00f3s-gradua\u00e7\u00e3o em Psicopedagogia e Gest\u00e3o Ambiental. A proposta que ela trouxe foi do professor educador, o facilitador-pedag\u00f3gico, enfim, voltar um pouco as aten\u00e7\u00f5es para essa \u00e1rea. <em>\u201cFalamos tamb\u00e9m um pouco de auto-conhecimento, intelig\u00eancia emocional e motiva\u00e7\u00e3o. Nessa idade temos que levar em considera\u00e7\u00e3o os horm\u00f4nios, as mudan\u00e7as causadas nessa fase de vida, uma situa\u00e7\u00e3o dif\u00edcil de lidar pelos pais, a sociedade, a pr\u00f3pria escola. Com tanto movimento e agita\u00e7\u00e3o, eles ficam ali sentados, \u00e0 merc\u00ea do professor, que \u00e0s vezes n\u00e3o d\u00e1 conta. Trabalhamos com a mentalidade do s\u00e9culo XX, mas os alunos s\u00e3o do s\u00e9culo XXI, ent\u00e3o temos que selecionar melhor as ferramentas. S\u00e3o provoca\u00e7\u00f5es que tivemos a oportunidade de fazer durante o evento\u201d,<\/em> explica.<\/p>\n<p>Segundo o prefeito Aloysio Aquino, esse encontro \u00e9 muito importante para a Educa\u00e7\u00e3o no munic\u00edpio e traz excelentes orienta\u00e7\u00f5es tanto para pedagogos quanto para os diretores, demais educadores e funcion\u00e1rios. <em>\u201cTivemos uma palestra muito boa, que foi ao mesmo tempo informativa e motivacional. \u00c9 de extrema import\u00e2ncia para todos, de modo que possamos cuidar melhor de nossas crian\u00e7as. Fa\u00e7o parte de uma gera\u00e7\u00e3o que sempre deu muito valor aos educadores. Minha forma\u00e7\u00e3o foi toda feita em escolas p\u00fablicas, onde tive excelentes professores, que contribu\u00edram imensamente para o meu crescimento pessoal e profissional. Assim, acredito que a cada\u00a0encontro, temos mais oportunidades de qualifica\u00e7\u00e3o e melhoria do ensino em nossa cidade\u201d,<\/em> destaca.<\/p>\n<p>A secret\u00e1ria municipal de Educa\u00e7\u00e3o, Maria Cristina Navarro tamb\u00e9m refor\u00e7ou a import\u00e2ncia daquele momento, que permitiu reunir os profissionais da \u00e1rea, relativos ao 6\u00ba a 9\u00ba ano. <em>\u201cGostar\u00edamos de fazer at\u00e9 mais eventos como esse, mas sabemos que fica um pouco dif\u00edcil em fun\u00e7\u00e3o dos dias letivos. Nossos profissionais precisam de dias como esse, pois fazem um trabalho em equipe, empenhados em avan\u00e7ar. O grupo todo abra\u00e7a essa causa, porque n\u00f3s somos agentes na busca pela qualidade da educa\u00e7\u00e3o\u201d,<\/em> afirma.<\/p>\n<p>Quem tamb\u00e9m mostrou satisfa\u00e7\u00e3o com a iniciativa e com os resultados do encontro foi a pedagoga e coordenadora da Secretaria Municipal de Educa\u00e7\u00e3o, Maria de F\u00e1tima Vilela Vieira. <em>\u201cO objetivo \u00e9 promover a reflex\u00e3o das pr\u00e1ticas pedag\u00f3gicas no cotidiano da escola\u201d, <\/em>define.<\/p>\n<p><img decoding=\"async\" class=\"ngg_displayed_gallery mceItem\" src=\"http:\/\/folhadosudeste.com\/site\/index.php\/nextgen-attach_to_post\/preview\/id--22463\" alt=\"\" \/><\/p>\n","protected":false},"excerpt":{"rendered":"<p>O 3\u00ba Encontro de Educadores do 6\u00ba ao 9\u00ba ano da Rede Municipal de Ensino foi realizado na manh\u00e3 da \u00faltima sexta (17), no Teatro Zaccaria Marques, uma iniciativa da Prefeitura de Muria\u00e9, por meio da Secretaria Municipal de Educa\u00e7\u00e3o com objetivo de promover reflex\u00f5es sobre o trabalho pedag\u00f3gico desenvolvido na escola, abordando os desafios [&hellip;]<\/p>\n","protected":false},"author":6,"featured_media":22436,"comment_status":"open","ping_status":"closed","sticky":false,"template":"","format":"standard","meta":{"_joinchat":[],"footnotes":""},"categories":[1],"tags":[],"class_list":["post-22435","post","type-post","status-publish","format-standard","has-post-thumbnail","hentry","category-sem-categoria"],"_links":{"self":[{"href":"http:\/\/folhadosudeste.com\/site\/index.php?rest_route=\/wp\/v2\/posts\/22435","targetHints":{"allow":["GET"]}}],"collection":[{"href":"http:\/\/folhadosudeste.com\/site\/index.php?rest_route=\/wp\/v2\/posts"}],"about":[{"href":"http:\/\/folhadosudeste.com\/site\/index.php?rest_route=\/wp\/v2\/types\/post"}],"author":[{"embeddable":true,"href":"http:\/\/folhadosudeste.com\/site\/index.php?rest_route=\/wp\/v2\/users\/6"}],"replies":[{"embeddable":true,"href":"http:\/\/folhadosudeste.com\/site\/index.php?rest_route=%2Fwp%2Fv2%2Fcomments&post=22435"}],"version-history":[{"count":1,"href":"http:\/\/folhadosudeste.com\/site\/index.php?rest_route=\/wp\/v2\/posts\/22435\/revisions"}],"predecessor-version":[{"id":22464,"href":"http:\/\/folhadosudeste.com\/site\/index.php?rest_route=\/wp\/v2\/posts\/22435\/revisions\/22464"}],"wp:featuredmedia":[{"embeddable":true,"href":"http:\/\/folhadosudeste.com\/site\/index.php?rest_route=\/wp\/v2\/media\/22436"}],"wp:attachment":[{"href":"http:\/\/folhadosudeste.com\/site\/index.php?rest_route=%2Fwp%2Fv2%2Fmedia&parent=22435"}],"wp:term":[{"taxonomy":"category","embeddable":true,"href":"http:\/\/folhadosudeste.com\/site\/index.php?rest_route=%2Fwp%2Fv2%2Fcategories&post=22435"},{"taxonomy":"post_tag","embeddable":true,"href":"http:\/\/folhadosudeste.com\/site\/index.php?rest_route=%2Fwp%2Fv2%2Ftags&post=22435"}],"curies":[{"name":"wp","href":"https:\/\/api.w.org\/{rel}","templated":true}]}}