{"id":22465,"date":"2016-06-24T12:52:19","date_gmt":"2016-06-24T12:52:19","guid":{"rendered":"http:\/\/folhadosudeste.com\/site\/?p=22465"},"modified":"2016-06-27T17:11:48","modified_gmt":"2016-06-27T17:11:48","slug":"esp-realiza-mostra-do-conhecimento-e-cultura-na-rota-do-planeta-terra","status":"publish","type":"post","link":"http:\/\/folhadosudeste.com\/site\/?p=22465","title":{"rendered":"Grande sucesso na Noite de Caldos Beneficente da Escola S\u00e3o Paulo"},"content":{"rendered":"<p><a href=\"http:\/\/folhadosudeste.com\/site\/wp-content\/uploads\/2016\/06\/DSC_0258.jpg\"><img loading=\"lazy\" decoding=\"async\" class=\"aligncenter wp-image-22466 size-full\" src=\"http:\/\/folhadosudeste.com\/site\/wp-content\/uploads\/2016\/06\/DSC_0258.jpg\" alt=\"DSC_0258\" width=\"800\" height=\"533\" srcset=\"http:\/\/folhadosudeste.com\/site\/wp-content\/uploads\/2016\/06\/DSC_0258.jpg 800w, http:\/\/folhadosudeste.com\/site\/wp-content\/uploads\/2016\/06\/DSC_0258-300x199.jpg 300w\" sizes=\"auto, (max-width: 800px) 100vw, 800px\" \/><\/a><\/p>\n<p>Os alunos do 8\u00ba B da Escola S\u00e3o Paulo, realizou no \u00faltimo s\u00e1bado (18), sua Noite de Caldos Beneficente, no Centro Cultural Del Rey, na pr\u00f3pria Institui\u00e7\u00e3o de Ensino. Sob a coordena\u00e7\u00e3o da professora de Hist\u00f3ria L\u00eddia Regina Pimentel Tureta Amaro, a equipe agradeceu a colabora\u00e7\u00e3o de todos, pois atingiu seus objetivos de angariar fundos para comprar alimentos destinados \u00e0s institui\u00e7\u00f5es sociais de Muria\u00e9: APAE, El\u2019 Shaday, COMVIDA, Casa da Menina, Lar Ozanam, Pastoral Social (Matriz S\u00e3o Paulo), Creche Alfredo Couto, Grupo Esp\u00edrita Maria de Nazar\u00e9, Confer\u00eancia S\u00e3o Francisco de Assis e Associa\u00e7\u00e3o Reviver. As mesas e cadeiras foram cedidas pelo Sal\u00e3o Paroquial da Matriz S\u00e3o Paulo.<\/p>\n<p>Saiba mais na edi\u00e7\u00e3o 715 do Folha do Sudeste<\/p>\n<p><img decoding=\"async\" class=\"ngg_displayed_gallery mceItem\" src=\"http:\/\/folhadosudeste.com\/site\/index.php\/nextgen-attach_to_post\/preview\/id--22479\" alt=\"\" \/><\/p>\n","protected":false},"excerpt":{"rendered":"<p>Os alunos do 8\u00ba B da Escola S\u00e3o Paulo, realizou no \u00faltimo s\u00e1bado (18), sua Noite de Caldos Beneficente, no Centro Cultural Del Rey, na pr\u00f3pria Institui\u00e7\u00e3o de Ensino. Sob a coordena\u00e7\u00e3o da professora de Hist\u00f3ria L\u00eddia Regina Pimentel Tureta Amaro, a equipe agradeceu a colabora\u00e7\u00e3o de todos, pois atingiu seus objetivos de angariar fundos [&hellip;]<\/p>\n","protected":false},"author":6,"featured_media":22466,"comment_status":"open","ping_status":"closed","sticky":false,"template":"","format":"standard","meta":{"_joinchat":[],"footnotes":""},"categories":[1],"tags":[],"class_list":["post-22465","post","type-post","status-publish","format-standard","has-post-thumbnail","hentry","category-sem-categoria"],"_links":{"self":[{"href":"http:\/\/folhadosudeste.com\/site\/index.php?rest_route=\/wp\/v2\/posts\/22465","targetHints":{"allow":["GET"]}}],"collection":[{"href":"http:\/\/folhadosudeste.com\/site\/index.php?rest_route=\/wp\/v2\/posts"}],"about":[{"href":"http:\/\/folhadosudeste.com\/site\/index.php?rest_route=\/wp\/v2\/types\/post"}],"author":[{"embeddable":true,"href":"http:\/\/folhadosudeste.com\/site\/index.php?rest_route=\/wp\/v2\/users\/6"}],"replies":[{"embeddable":true,"href":"http:\/\/folhadosudeste.com\/site\/index.php?rest_route=%2Fwp%2Fv2%2Fcomments&post=22465"}],"version-history":[{"count":3,"href":"http:\/\/folhadosudeste.com\/site\/index.php?rest_route=\/wp\/v2\/posts\/22465\/revisions"}],"predecessor-version":[{"id":22489,"href":"http:\/\/folhadosudeste.com\/site\/index.php?rest_route=\/wp\/v2\/posts\/22465\/revisions\/22489"}],"wp:featuredmedia":[{"embeddable":true,"href":"http:\/\/folhadosudeste.com\/site\/index.php?rest_route=\/wp\/v2\/media\/22466"}],"wp:attachment":[{"href":"http:\/\/folhadosudeste.com\/site\/index.php?rest_route=%2Fwp%2Fv2%2Fmedia&parent=22465"}],"wp:term":[{"taxonomy":"category","embeddable":true,"href":"http:\/\/folhadosudeste.com\/site\/index.php?rest_route=%2Fwp%2Fv2%2Fcategories&post=22465"},{"taxonomy":"post_tag","embeddable":true,"href":"http:\/\/folhadosudeste.com\/site\/index.php?rest_route=%2Fwp%2Fv2%2Ftags&post=22465"}],"curies":[{"name":"wp","href":"https:\/\/api.w.org\/{rel}","templated":true}]}}