{"id":22490,"date":"2016-06-27T17:14:44","date_gmt":"2016-06-27T17:14:44","guid":{"rendered":"http:\/\/folhadosudeste.com\/site\/?p=22490"},"modified":"2016-06-27T17:14:44","modified_gmt":"2016-06-27T17:14:44","slug":"esp-realiza-mostra-do-conhecimento-e-cultura-na-rota-do-planeta-terra-2","status":"publish","type":"post","link":"http:\/\/folhadosudeste.com\/site\/?p=22490","title":{"rendered":"ESP realiza \u2018Mostra do Conhecimento e Cultura \u2013 Na Rota do Planeta Terra\u2019"},"content":{"rendered":"<p style=\"text-align: justify;\"><a href=\"http:\/\/folhadosudeste.com\/site\/wp-content\/uploads\/2016\/06\/ESP.jpg\"><img loading=\"lazy\" decoding=\"async\" class=\"aligncenter size-full wp-image-22492\" src=\"http:\/\/folhadosudeste.com\/site\/wp-content\/uploads\/2016\/06\/ESP.jpg\" alt=\"ESP\" width=\"620\" height=\"465\" srcset=\"http:\/\/folhadosudeste.com\/site\/wp-content\/uploads\/2016\/06\/ESP.jpg 620w, http:\/\/folhadosudeste.com\/site\/wp-content\/uploads\/2016\/06\/ESP-300x225.jpg 300w\" sizes=\"auto, (max-width: 620px) 100vw, 620px\" \/><\/a><\/p>\n<p style=\"text-align: justify;\">Mais uma vez demonstrando sua preocupa\u00e7\u00e3o com a educa\u00e7\u00e3o, forma\u00e7\u00e3o cidad\u00e3 e prepara\u00e7\u00e3o dos alunos para o mercado de trabalho, a Escola S\u00e3o Paulo (ESP) promoveu mais uma edi\u00e7\u00e3o da Mostra do Conhecimento e Cultura, no s\u00e1bado 18 de junho, este ano com o tema \u2018Na Rota do Planeta Terra\u2019. Os alunos do Ensino Fundamental, M\u00e9dio e Educa\u00e7\u00e3o de Jovens e Adultos apresentaram diversos trabalhos, que refor\u00e7aram os avan\u00e7os da ci\u00eancia, tecnologia e os cuidados especiais com o planeta Terra, que atualmente vive v\u00e1rios momentos de turbul\u00eancia, como o superaquecimento clim\u00e1tico e a escassez de \u00e1gua. Destaque para os experimentos, pesquisas, cartazes, banners, trabalhos artesanais e demais elementos dispostos e apresentados na escola. Colabora\u00e7\u00e3o: Silva Anves.<\/p>\n<p style=\"text-align: justify;\"><img decoding=\"async\" class=\"ngg_displayed_gallery mceItem\" src=\"http:\/\/folhadosudeste.com\/site\/index.php\/nextgen-attach_to_post\/preview\/id--22501\" alt=\"\" \/><\/p>\n<p style=\"text-align: justify;\">\n","protected":false},"excerpt":{"rendered":"<p>Mais uma vez demonstrando sua preocupa\u00e7\u00e3o com a educa\u00e7\u00e3o, forma\u00e7\u00e3o cidad\u00e3 e prepara\u00e7\u00e3o dos alunos para o mercado de trabalho, a Escola S\u00e3o Paulo (ESP) promoveu mais uma edi\u00e7\u00e3o da Mostra do Conhecimento e Cultura, no s\u00e1bado 18 de junho, este ano com o tema \u2018Na Rota do Planeta Terra\u2019. Os alunos do Ensino Fundamental, [&hellip;]<\/p>\n","protected":false},"author":2,"featured_media":22492,"comment_status":"open","ping_status":"closed","sticky":false,"template":"","format":"standard","meta":{"_joinchat":[],"footnotes":""},"categories":[1],"tags":[],"class_list":["post-22490","post","type-post","status-publish","format-standard","has-post-thumbnail","hentry","category-sem-categoria"],"_links":{"self":[{"href":"http:\/\/folhadosudeste.com\/site\/index.php?rest_route=\/wp\/v2\/posts\/22490","targetHints":{"allow":["GET"]}}],"collection":[{"href":"http:\/\/folhadosudeste.com\/site\/index.php?rest_route=\/wp\/v2\/posts"}],"about":[{"href":"http:\/\/folhadosudeste.com\/site\/index.php?rest_route=\/wp\/v2\/types\/post"}],"author":[{"embeddable":true,"href":"http:\/\/folhadosudeste.com\/site\/index.php?rest_route=\/wp\/v2\/users\/2"}],"replies":[{"embeddable":true,"href":"http:\/\/folhadosudeste.com\/site\/index.php?rest_route=%2Fwp%2Fv2%2Fcomments&post=22490"}],"version-history":[{"count":1,"href":"http:\/\/folhadosudeste.com\/site\/index.php?rest_route=\/wp\/v2\/posts\/22490\/revisions"}],"predecessor-version":[{"id":22502,"href":"http:\/\/folhadosudeste.com\/site\/index.php?rest_route=\/wp\/v2\/posts\/22490\/revisions\/22502"}],"wp:featuredmedia":[{"embeddable":true,"href":"http:\/\/folhadosudeste.com\/site\/index.php?rest_route=\/wp\/v2\/media\/22492"}],"wp:attachment":[{"href":"http:\/\/folhadosudeste.com\/site\/index.php?rest_route=%2Fwp%2Fv2%2Fmedia&parent=22490"}],"wp:term":[{"taxonomy":"category","embeddable":true,"href":"http:\/\/folhadosudeste.com\/site\/index.php?rest_route=%2Fwp%2Fv2%2Fcategories&post=22490"},{"taxonomy":"post_tag","embeddable":true,"href":"http:\/\/folhadosudeste.com\/site\/index.php?rest_route=%2Fwp%2Fv2%2Ftags&post=22490"}],"curies":[{"name":"wp","href":"https:\/\/api.w.org\/{rel}","templated":true}]}}