{"id":22596,"date":"2016-07-01T13:30:48","date_gmt":"2016-07-01T13:30:48","guid":{"rendered":"http:\/\/folhadosudeste.com\/site\/?p=22596"},"modified":"2016-07-01T13:30:48","modified_gmt":"2016-07-01T13:30:48","slug":"programa-cesta-cheia-da-agricultura-familiar-comemora-10-anos-de-historia-em-muriae","status":"publish","type":"post","link":"http:\/\/folhadosudeste.com\/site\/?p=22596","title":{"rendered":"Programa Cesta Cheia da Agricultura Familiar comemora 10 anos de hist\u00f3ria em Muria\u00e9"},"content":{"rendered":"<p style=\"text-align: justify;\"><a href=\"http:\/\/folhadosudeste.com\/site\/wp-content\/uploads\/2016\/07\/EMATER.jpg\"><img loading=\"lazy\" decoding=\"async\" class=\"aligncenter size-full wp-image-22597\" src=\"http:\/\/folhadosudeste.com\/site\/wp-content\/uploads\/2016\/07\/EMATER.jpg\" alt=\"EMATER\" width=\"620\" height=\"310\" srcset=\"http:\/\/folhadosudeste.com\/site\/wp-content\/uploads\/2016\/07\/EMATER.jpg 620w, http:\/\/folhadosudeste.com\/site\/wp-content\/uploads\/2016\/07\/EMATER-300x150.jpg 300w\" sizes=\"auto, (max-width: 620px) 100vw, 620px\" \/><\/a><\/p>\n<p style=\"text-align: justify;\">Na noite da \u00faltima segunda (27), foi realiza a comemora\u00e7\u00e3o dos 10 anos do Cesta Cheia da Agricultura Familiar e da reforma, melhorias e implanta\u00e7\u00e3o de novos c\u00f4modos para um melhor trabalho na Secretaria Municipal de Agricultura (ao lado do Sindicato Rural de Muria\u00e9), local que foi sede do evento. Na ocasi\u00e3o, foi homenageado um grande amigo da cidade, o saudoso Sidney Nobre da Silva, cuja mem\u00f3ria foi lembrada e eternizada, presenteando sua fam\u00edlia, presente na ocasi\u00e3o.<\/p>\n<p style=\"text-align: justify;\">Saiba mais na edi\u00e7\u00e3o 715 do Folha do Sudeste<\/p>\n<p style=\"text-align: justify;\"><img decoding=\"async\" class=\"ngg_displayed_gallery mceItem\" src=\"http:\/\/folhadosudeste.com\/site\/index.php\/nextgen-attach_to_post\/preview\/id--22690\" alt=\"\" \/><\/p>\n<p style=\"text-align: justify;\">\n","protected":false},"excerpt":{"rendered":"<p>Na noite da \u00faltima segunda (27), foi realiza a comemora\u00e7\u00e3o dos 10 anos do Cesta Cheia da Agricultura Familiar e da reforma, melhorias e implanta\u00e7\u00e3o de novos c\u00f4modos para um melhor trabalho na Secretaria Municipal de Agricultura (ao lado do Sindicato Rural de Muria\u00e9), local que foi sede do evento. Na ocasi\u00e3o, foi homenageado um [&hellip;]<\/p>\n","protected":false},"author":2,"featured_media":22597,"comment_status":"open","ping_status":"closed","sticky":false,"template":"","format":"standard","meta":{"_joinchat":[],"footnotes":""},"categories":[1],"tags":[],"class_list":["post-22596","post","type-post","status-publish","format-standard","has-post-thumbnail","hentry","category-sem-categoria"],"_links":{"self":[{"href":"http:\/\/folhadosudeste.com\/site\/index.php?rest_route=\/wp\/v2\/posts\/22596","targetHints":{"allow":["GET"]}}],"collection":[{"href":"http:\/\/folhadosudeste.com\/site\/index.php?rest_route=\/wp\/v2\/posts"}],"about":[{"href":"http:\/\/folhadosudeste.com\/site\/index.php?rest_route=\/wp\/v2\/types\/post"}],"author":[{"embeddable":true,"href":"http:\/\/folhadosudeste.com\/site\/index.php?rest_route=\/wp\/v2\/users\/2"}],"replies":[{"embeddable":true,"href":"http:\/\/folhadosudeste.com\/site\/index.php?rest_route=%2Fwp%2Fv2%2Fcomments&post=22596"}],"version-history":[{"count":1,"href":"http:\/\/folhadosudeste.com\/site\/index.php?rest_route=\/wp\/v2\/posts\/22596\/revisions"}],"predecessor-version":[{"id":22691,"href":"http:\/\/folhadosudeste.com\/site\/index.php?rest_route=\/wp\/v2\/posts\/22596\/revisions\/22691"}],"wp:featuredmedia":[{"embeddable":true,"href":"http:\/\/folhadosudeste.com\/site\/index.php?rest_route=\/wp\/v2\/media\/22597"}],"wp:attachment":[{"href":"http:\/\/folhadosudeste.com\/site\/index.php?rest_route=%2Fwp%2Fv2%2Fmedia&parent=22596"}],"wp:term":[{"taxonomy":"category","embeddable":true,"href":"http:\/\/folhadosudeste.com\/site\/index.php?rest_route=%2Fwp%2Fv2%2Fcategories&post=22596"},{"taxonomy":"post_tag","embeddable":true,"href":"http:\/\/folhadosudeste.com\/site\/index.php?rest_route=%2Fwp%2Fv2%2Ftags&post=22596"}],"curies":[{"name":"wp","href":"https:\/\/api.w.org\/{rel}","templated":true}]}}