{"id":22712,"date":"2016-07-01T13:35:33","date_gmt":"2016-07-01T13:35:33","guid":{"rendered":"http:\/\/folhadosudeste.com\/site\/?p=22712"},"modified":"2016-07-01T13:35:33","modified_gmt":"2016-07-01T13:35:33","slug":"matematica-musica-todos-podem-aprender-monomios","status":"publish","type":"post","link":"http:\/\/folhadosudeste.com\/site\/?p=22712","title":{"rendered":"Matem\u00e1tica \/ M\u00fasica \u2013 Todos podem aprender mon\u00f4mios"},"content":{"rendered":"<p style=\"text-align: justify;\"><a href=\"http:\/\/folhadosudeste.com\/site\/wp-content\/uploads\/2016\/07\/ESP.jpg\"><img loading=\"lazy\" decoding=\"async\" class=\"aligncenter size-full wp-image-22713\" src=\"http:\/\/folhadosudeste.com\/site\/wp-content\/uploads\/2016\/07\/ESP.jpg\" alt=\"ESP\" width=\"620\" height=\"272\" srcset=\"http:\/\/folhadosudeste.com\/site\/wp-content\/uploads\/2016\/07\/ESP.jpg 620w, http:\/\/folhadosudeste.com\/site\/wp-content\/uploads\/2016\/07\/ESP-300x131.jpg 300w\" sizes=\"auto, (max-width: 620px) 100vw, 620px\" \/><\/a><\/p>\n<p style=\"text-align: justify;\">As situa\u00e7\u00f5es da vida s\u00e3o interdisciplinares, o que demonstra que a Matem\u00e1tica est\u00e1 inserida em outras \u00e1reas do Conhecimento. E atrav\u00e9s dessa ideia l\u00f3gica (constru\u00edda pela intelig\u00eancia humana) que os alunos dos 8os anos do Ensino Fundamental. perceberam que toda aprendizagem \u00e9, em ess\u00eancia, fruto da criatividade, senso cr\u00edtico e que ajuda a desmistificar dificuldades, capaz de transformar a capacidade intelectual de pensar, raciocinar em algo mentalmente compreens\u00edvel e ordenado.<\/p>\n<p style=\"text-align: justify;\">Saiba mais na edi\u00e7\u00e3o 715 do Folha do Sudeste<\/p>\n<p style=\"text-align: justify;\"><img decoding=\"async\" class=\"ngg_displayed_gallery mceItem\" src=\"http:\/\/folhadosudeste.com\/site\/index.php\/nextgen-attach_to_post\/preview\/id--22724\" alt=\"\" \/><\/p>\n","protected":false},"excerpt":{"rendered":"<p>As situa\u00e7\u00f5es da vida s\u00e3o interdisciplinares, o que demonstra que a Matem\u00e1tica est\u00e1 inserida em outras \u00e1reas do Conhecimento. E atrav\u00e9s dessa ideia l\u00f3gica (constru\u00edda pela intelig\u00eancia humana) que os alunos dos 8os anos do Ensino Fundamental. perceberam que toda aprendizagem \u00e9, em ess\u00eancia, fruto da criatividade, senso cr\u00edtico e que ajuda a desmistificar dificuldades, [&hellip;]<\/p>\n","protected":false},"author":2,"featured_media":22713,"comment_status":"open","ping_status":"closed","sticky":false,"template":"","format":"standard","meta":{"_joinchat":[],"footnotes":""},"categories":[1],"tags":[],"class_list":["post-22712","post","type-post","status-publish","format-standard","has-post-thumbnail","hentry","category-sem-categoria"],"_links":{"self":[{"href":"http:\/\/folhadosudeste.com\/site\/index.php?rest_route=\/wp\/v2\/posts\/22712","targetHints":{"allow":["GET"]}}],"collection":[{"href":"http:\/\/folhadosudeste.com\/site\/index.php?rest_route=\/wp\/v2\/posts"}],"about":[{"href":"http:\/\/folhadosudeste.com\/site\/index.php?rest_route=\/wp\/v2\/types\/post"}],"author":[{"embeddable":true,"href":"http:\/\/folhadosudeste.com\/site\/index.php?rest_route=\/wp\/v2\/users\/2"}],"replies":[{"embeddable":true,"href":"http:\/\/folhadosudeste.com\/site\/index.php?rest_route=%2Fwp%2Fv2%2Fcomments&post=22712"}],"version-history":[{"count":1,"href":"http:\/\/folhadosudeste.com\/site\/index.php?rest_route=\/wp\/v2\/posts\/22712\/revisions"}],"predecessor-version":[{"id":22725,"href":"http:\/\/folhadosudeste.com\/site\/index.php?rest_route=\/wp\/v2\/posts\/22712\/revisions\/22725"}],"wp:featuredmedia":[{"embeddable":true,"href":"http:\/\/folhadosudeste.com\/site\/index.php?rest_route=\/wp\/v2\/media\/22713"}],"wp:attachment":[{"href":"http:\/\/folhadosudeste.com\/site\/index.php?rest_route=%2Fwp%2Fv2%2Fmedia&parent=22712"}],"wp:term":[{"taxonomy":"category","embeddable":true,"href":"http:\/\/folhadosudeste.com\/site\/index.php?rest_route=%2Fwp%2Fv2%2Fcategories&post=22712"},{"taxonomy":"post_tag","embeddable":true,"href":"http:\/\/folhadosudeste.com\/site\/index.php?rest_route=%2Fwp%2Fv2%2Ftags&post=22712"}],"curies":[{"name":"wp","href":"https:\/\/api.w.org\/{rel}","templated":true}]}}