{"id":22736,"date":"2016-07-01T13:39:31","date_gmt":"2016-07-01T13:39:31","guid":{"rendered":"http:\/\/folhadosudeste.com\/site\/?p=22736"},"modified":"2016-07-01T13:39:31","modified_gmt":"2016-07-01T13:39:31","slug":"comunidade-sao-joao-batista-em-rosario-da-limeira-festeja-dia-de-seu-padroeiro","status":"publish","type":"post","link":"http:\/\/folhadosudeste.com\/site\/?p=22736","title":{"rendered":"Comunidade S\u00e3o Jo\u00e3o Batista em Ros\u00e1rio da Limeira festeja dia de seu padroeiro"},"content":{"rendered":"<p style=\"text-align: justify;\"><a href=\"http:\/\/folhadosudeste.com\/site\/wp-content\/uploads\/2016\/07\/LIMEIRA.jpg\"><img loading=\"lazy\" decoding=\"async\" class=\"aligncenter size-full wp-image-22737\" src=\"http:\/\/folhadosudeste.com\/site\/wp-content\/uploads\/2016\/07\/LIMEIRA.jpg\" alt=\"LIMEIRA\" width=\"620\" height=\"332\" srcset=\"http:\/\/folhadosudeste.com\/site\/wp-content\/uploads\/2016\/07\/LIMEIRA.jpg 620w, http:\/\/folhadosudeste.com\/site\/wp-content\/uploads\/2016\/07\/LIMEIRA-300x160.jpg 300w\" sizes=\"auto, (max-width: 620px) 100vw, 620px\" \/><\/a><\/p>\n<p style=\"text-align: justify;\">No dia 23 de junho foi dada abertura, na Comunidade S\u00e3o Jo\u00e3o Batista (Ancorado- Ros\u00e1rio da Limeira), \u00e0s atividades comemorativas da tradicional festa do padroeiro. Al\u00e9m da celebra\u00e7\u00e3o religiosa, foram realizados leil\u00f5es e o grande p\u00fablico que prestigiou o evento teve \u00e0 disposi\u00e7\u00e3o as barracas com comidas e bebidas t\u00edpicas e a fogueira de S\u00e3o Jo\u00e3o. N\u00e3o faltou anima\u00e7\u00e3o, boa m\u00fasica e agito com a Banda Companhia do Forr\u00f3 \u2013 Fazendo a Diferen\u00e7a. Fotos: Folha Independente.<\/p>\n<p style=\"text-align: justify;\">Saiba mais na edi\u00e7\u00e3o 715 do Folha do Sudeste<\/p>\n<p style=\"text-align: justify;\"><img decoding=\"async\" class=\"ngg_displayed_gallery mceItem\" src=\"http:\/\/folhadosudeste.com\/site\/index.php\/nextgen-attach_to_post\/preview\/id--22752\" alt=\"\" \/><\/p>\n","protected":false},"excerpt":{"rendered":"<p>No dia 23 de junho foi dada abertura, na Comunidade S\u00e3o Jo\u00e3o Batista (Ancorado- Ros\u00e1rio da Limeira), \u00e0s atividades comemorativas da tradicional festa do padroeiro. Al\u00e9m da celebra\u00e7\u00e3o religiosa, foram realizados leil\u00f5es e o grande p\u00fablico que prestigiou o evento teve \u00e0 disposi\u00e7\u00e3o as barracas com comidas e bebidas t\u00edpicas e a fogueira de S\u00e3o [&hellip;]<\/p>\n","protected":false},"author":2,"featured_media":22737,"comment_status":"open","ping_status":"closed","sticky":false,"template":"","format":"standard","meta":{"_joinchat":[],"footnotes":""},"categories":[1],"tags":[],"class_list":["post-22736","post","type-post","status-publish","format-standard","has-post-thumbnail","hentry","category-sem-categoria"],"_links":{"self":[{"href":"http:\/\/folhadosudeste.com\/site\/index.php?rest_route=\/wp\/v2\/posts\/22736","targetHints":{"allow":["GET"]}}],"collection":[{"href":"http:\/\/folhadosudeste.com\/site\/index.php?rest_route=\/wp\/v2\/posts"}],"about":[{"href":"http:\/\/folhadosudeste.com\/site\/index.php?rest_route=\/wp\/v2\/types\/post"}],"author":[{"embeddable":true,"href":"http:\/\/folhadosudeste.com\/site\/index.php?rest_route=\/wp\/v2\/users\/2"}],"replies":[{"embeddable":true,"href":"http:\/\/folhadosudeste.com\/site\/index.php?rest_route=%2Fwp%2Fv2%2Fcomments&post=22736"}],"version-history":[{"count":1,"href":"http:\/\/folhadosudeste.com\/site\/index.php?rest_route=\/wp\/v2\/posts\/22736\/revisions"}],"predecessor-version":[{"id":22753,"href":"http:\/\/folhadosudeste.com\/site\/index.php?rest_route=\/wp\/v2\/posts\/22736\/revisions\/22753"}],"wp:featuredmedia":[{"embeddable":true,"href":"http:\/\/folhadosudeste.com\/site\/index.php?rest_route=\/wp\/v2\/media\/22737"}],"wp:attachment":[{"href":"http:\/\/folhadosudeste.com\/site\/index.php?rest_route=%2Fwp%2Fv2%2Fmedia&parent=22736"}],"wp:term":[{"taxonomy":"category","embeddable":true,"href":"http:\/\/folhadosudeste.com\/site\/index.php?rest_route=%2Fwp%2Fv2%2Fcategories&post=22736"},{"taxonomy":"post_tag","embeddable":true,"href":"http:\/\/folhadosudeste.com\/site\/index.php?rest_route=%2Fwp%2Fv2%2Ftags&post=22736"}],"curies":[{"name":"wp","href":"https:\/\/api.w.org\/{rel}","templated":true}]}}