{"id":22754,"date":"2016-07-01T13:41:25","date_gmt":"2016-07-01T13:41:25","guid":{"rendered":"http:\/\/folhadosudeste.com\/site\/?p=22754"},"modified":"2016-07-01T13:41:25","modified_gmt":"2016-07-01T13:41:25","slug":"matriz-sao-paulo-festeja-dia-do-padroeiro-e-realiza-acao-entre-amigos","status":"publish","type":"post","link":"http:\/\/folhadosudeste.com\/site\/?p=22754","title":{"rendered":"Matriz S\u00e3o Paulo festeja dia do padroeiro e realiza A\u00e7\u00e3o Entre Amigos"},"content":{"rendered":"<p style=\"text-align: justify;\"><a href=\"http:\/\/folhadosudeste.com\/site\/wp-content\/uploads\/2016\/07\/PR\u00d3-MORADIA.jpg\"><img loading=\"lazy\" decoding=\"async\" class=\"aligncenter size-full wp-image-22755\" src=\"http:\/\/folhadosudeste.com\/site\/wp-content\/uploads\/2016\/07\/PR\u00d3-MORADIA.jpg\" alt=\"PR\u00d3 MORADIA\" width=\"620\" height=\"249\" srcset=\"http:\/\/folhadosudeste.com\/site\/wp-content\/uploads\/2016\/07\/PR\u00d3-MORADIA.jpg 620w, http:\/\/folhadosudeste.com\/site\/wp-content\/uploads\/2016\/07\/PR\u00d3-MORADIA-300x120.jpg 300w\" sizes=\"auto, (max-width: 620px) 100vw, 620px\" \/><\/a><\/p>\n<p style=\"text-align: justify;\">Em homenagem ao seu padroeiro, a Matriz S\u00e3o Paulo realizou, sob coordena\u00e7\u00e3o do p\u00e1roco Padre C\u00edcero, sua equipe e o presidente do Pro Moradia, Fernando Rodrigues, na noite da \u00faltima ter\u00e7a (28), uma festan\u00e7a com extensa programa\u00e7\u00e3o no largo da matriz e a presen\u00e7a de um grande p\u00fablico: fogueira, Casamento do Jeca, quadrilha, bingos, barracas, a boa m\u00fasica da Banda Marofagy, sorteio de brindes e do grande pr\u00eamio: o Fusca do Padre Tiago.<\/p>\n<p style=\"text-align: justify;\">Saiba mais na edi\u00e7\u00e3o 715 do Folha do Sudeste<\/p>\n<p style=\"text-align: justify;\"><img decoding=\"async\" class=\"ngg_displayed_gallery mceItem\" src=\"http:\/\/folhadosudeste.com\/site\/index.php\/nextgen-attach_to_post\/preview\/id--22774\" alt=\"\" \/><\/p>\n","protected":false},"excerpt":{"rendered":"<p>Em homenagem ao seu padroeiro, a Matriz S\u00e3o Paulo realizou, sob coordena\u00e7\u00e3o do p\u00e1roco Padre C\u00edcero, sua equipe e o presidente do Pro Moradia, Fernando Rodrigues, na noite da \u00faltima ter\u00e7a (28), uma festan\u00e7a com extensa programa\u00e7\u00e3o no largo da matriz e a presen\u00e7a de um grande p\u00fablico: fogueira, Casamento do Jeca, quadrilha, bingos, barracas, [&hellip;]<\/p>\n","protected":false},"author":2,"featured_media":22755,"comment_status":"open","ping_status":"closed","sticky":false,"template":"","format":"standard","meta":{"_joinchat":[],"footnotes":""},"categories":[1],"tags":[],"class_list":["post-22754","post","type-post","status-publish","format-standard","has-post-thumbnail","hentry","category-sem-categoria"],"_links":{"self":[{"href":"http:\/\/folhadosudeste.com\/site\/index.php?rest_route=\/wp\/v2\/posts\/22754","targetHints":{"allow":["GET"]}}],"collection":[{"href":"http:\/\/folhadosudeste.com\/site\/index.php?rest_route=\/wp\/v2\/posts"}],"about":[{"href":"http:\/\/folhadosudeste.com\/site\/index.php?rest_route=\/wp\/v2\/types\/post"}],"author":[{"embeddable":true,"href":"http:\/\/folhadosudeste.com\/site\/index.php?rest_route=\/wp\/v2\/users\/2"}],"replies":[{"embeddable":true,"href":"http:\/\/folhadosudeste.com\/site\/index.php?rest_route=%2Fwp%2Fv2%2Fcomments&post=22754"}],"version-history":[{"count":1,"href":"http:\/\/folhadosudeste.com\/site\/index.php?rest_route=\/wp\/v2\/posts\/22754\/revisions"}],"predecessor-version":[{"id":22775,"href":"http:\/\/folhadosudeste.com\/site\/index.php?rest_route=\/wp\/v2\/posts\/22754\/revisions\/22775"}],"wp:featuredmedia":[{"embeddable":true,"href":"http:\/\/folhadosudeste.com\/site\/index.php?rest_route=\/wp\/v2\/media\/22755"}],"wp:attachment":[{"href":"http:\/\/folhadosudeste.com\/site\/index.php?rest_route=%2Fwp%2Fv2%2Fmedia&parent=22754"}],"wp:term":[{"taxonomy":"category","embeddable":true,"href":"http:\/\/folhadosudeste.com\/site\/index.php?rest_route=%2Fwp%2Fv2%2Fcategories&post=22754"},{"taxonomy":"post_tag","embeddable":true,"href":"http:\/\/folhadosudeste.com\/site\/index.php?rest_route=%2Fwp%2Fv2%2Ftags&post=22754"}],"curies":[{"name":"wp","href":"https:\/\/api.w.org\/{rel}","templated":true}]}}