{"id":22804,"date":"2016-07-01T13:45:35","date_gmt":"2016-07-01T13:45:35","guid":{"rendered":"http:\/\/folhadosudeste.com\/site\/?p=22804"},"modified":"2016-07-01T13:45:35","modified_gmt":"2016-07-01T13:45:35","slug":"casal-waldemar-e-marly-montezano-mantem-tradicao-da-festa-de-sao-joao","status":"publish","type":"post","link":"http:\/\/folhadosudeste.com\/site\/?p=22804","title":{"rendered":"Casal Waldemar e Marly Montezano mant\u00e9m tradi\u00e7\u00e3o da Festa de S\u00e3o Jo\u00e3o"},"content":{"rendered":"<p style=\"text-align: justify;\"><a href=\"http:\/\/folhadosudeste.com\/site\/wp-content\/uploads\/2016\/07\/WALDEMAR.jpg\"><img loading=\"lazy\" decoding=\"async\" class=\"aligncenter size-full wp-image-22805\" src=\"http:\/\/folhadosudeste.com\/site\/wp-content\/uploads\/2016\/07\/WALDEMAR.jpg\" alt=\"WALDEMAR\" width=\"620\" height=\"270\" srcset=\"http:\/\/folhadosudeste.com\/site\/wp-content\/uploads\/2016\/07\/WALDEMAR.jpg 620w, http:\/\/folhadosudeste.com\/site\/wp-content\/uploads\/2016\/07\/WALDEMAR-300x130.jpg 300w\" sizes=\"auto, (max-width: 620px) 100vw, 620px\" \/><\/a><\/p>\n<p style=\"text-align: justify;\">Sr. Waldemar Montezano e sua esposa Marly, foram mais uma vez anfitri\u00f5es da Festa de S\u00e3o Jo\u00e3o, comemorada pelo casal h\u00e1 40 anos, sem falhar. Sempre realizado entre os dias 23 e 24 de junho, o evento aconteceu no S\u00edtio Liberdade e o casal, quase completando seus 78 anos, lembra das marcantes edi\u00e7\u00f5es ao longo dessas quatro d\u00e9cadas: antes acontecia na Fazenda Fuma\u00e7a e nos \u00faltimos quatro anos, enquanto Sr. Waldemar estava residindo em S\u00e3o Jos\u00e9 dos Campos SP, trabalhando com a \u00e1rea de esportes, eles deixaram a tradi\u00e7\u00e3o permanecer e fizeram quatro edi\u00e7\u00f5es em seu condom\u00ednio na cidade paulista, reunindo centenas de pessoas, conforme de costume.<\/p>\n<p style=\"text-align: justify;\">Saiba mais na edi\u00e7\u00e3o 715 do Folha do Sudeste<\/p>\n<p style=\"text-align: justify;\"><img decoding=\"async\" class=\"ngg_displayed_gallery mceItem\" src=\"http:\/\/folhadosudeste.com\/site\/index.php\/nextgen-attach_to_post\/preview\/id--22842\" alt=\"\" \/><\/p>\n","protected":false},"excerpt":{"rendered":"<p>Sr. Waldemar Montezano e sua esposa Marly, foram mais uma vez anfitri\u00f5es da Festa de S\u00e3o Jo\u00e3o, comemorada pelo casal h\u00e1 40 anos, sem falhar. Sempre realizado entre os dias 23 e 24 de junho, o evento aconteceu no S\u00edtio Liberdade e o casal, quase completando seus 78 anos, lembra das marcantes edi\u00e7\u00f5es ao longo [&hellip;]<\/p>\n","protected":false},"author":2,"featured_media":22805,"comment_status":"open","ping_status":"closed","sticky":false,"template":"","format":"standard","meta":{"_joinchat":[],"footnotes":""},"categories":[1],"tags":[],"class_list":["post-22804","post","type-post","status-publish","format-standard","has-post-thumbnail","hentry","category-sem-categoria"],"_links":{"self":[{"href":"http:\/\/folhadosudeste.com\/site\/index.php?rest_route=\/wp\/v2\/posts\/22804","targetHints":{"allow":["GET"]}}],"collection":[{"href":"http:\/\/folhadosudeste.com\/site\/index.php?rest_route=\/wp\/v2\/posts"}],"about":[{"href":"http:\/\/folhadosudeste.com\/site\/index.php?rest_route=\/wp\/v2\/types\/post"}],"author":[{"embeddable":true,"href":"http:\/\/folhadosudeste.com\/site\/index.php?rest_route=\/wp\/v2\/users\/2"}],"replies":[{"embeddable":true,"href":"http:\/\/folhadosudeste.com\/site\/index.php?rest_route=%2Fwp%2Fv2%2Fcomments&post=22804"}],"version-history":[{"count":1,"href":"http:\/\/folhadosudeste.com\/site\/index.php?rest_route=\/wp\/v2\/posts\/22804\/revisions"}],"predecessor-version":[{"id":22843,"href":"http:\/\/folhadosudeste.com\/site\/index.php?rest_route=\/wp\/v2\/posts\/22804\/revisions\/22843"}],"wp:featuredmedia":[{"embeddable":true,"href":"http:\/\/folhadosudeste.com\/site\/index.php?rest_route=\/wp\/v2\/media\/22805"}],"wp:attachment":[{"href":"http:\/\/folhadosudeste.com\/site\/index.php?rest_route=%2Fwp%2Fv2%2Fmedia&parent=22804"}],"wp:term":[{"taxonomy":"category","embeddable":true,"href":"http:\/\/folhadosudeste.com\/site\/index.php?rest_route=%2Fwp%2Fv2%2Fcategories&post=22804"},{"taxonomy":"post_tag","embeddable":true,"href":"http:\/\/folhadosudeste.com\/site\/index.php?rest_route=%2Fwp%2Fv2%2Ftags&post=22804"}],"curies":[{"name":"wp","href":"https:\/\/api.w.org\/{rel}","templated":true}]}}