{"id":22964,"date":"2016-07-08T12:49:32","date_gmt":"2016-07-08T12:49:32","guid":{"rendered":"http:\/\/folhadosudeste.com\/site\/?p=22964"},"modified":"2016-07-08T12:49:32","modified_gmt":"2016-07-08T12:49:32","slug":"uso-eficiente-de-energia-para-as-empresas","status":"publish","type":"post","link":"http:\/\/folhadosudeste.com\/site\/?p=22964","title":{"rendered":"Uso eficiente de energia para as empresas"},"content":{"rendered":"<p><a href=\"http:\/\/folhadosudeste.com\/site\/wp-content\/uploads\/2016\/07\/DSC_0032.jpg\"><img loading=\"lazy\" decoding=\"async\" class=\"aligncenter wp-image-22965 size-full\" src=\"http:\/\/folhadosudeste.com\/site\/wp-content\/uploads\/2016\/07\/DSC_0032.jpg\" alt=\"DSC_0032\" width=\"800\" height=\"533\" srcset=\"http:\/\/folhadosudeste.com\/site\/wp-content\/uploads\/2016\/07\/DSC_0032.jpg 800w, http:\/\/folhadosudeste.com\/site\/wp-content\/uploads\/2016\/07\/DSC_0032-300x199.jpg 300w\" sizes=\"auto, (max-width: 800px) 100vw, 800px\" \/><\/a><\/p>\n<p>O Sebrae, em parceria com o Senai, CDL Muria\u00e9, Condesc e com o patroc\u00ednio da Pr\u00e1til- Grupo Enel, realizaram, na noite da \u00faltima segunda (4), a palestra \u2018Aumente o lucro da sua empresa atrav\u00e9s do uso eficiente de energia\u2019, no audit\u00f3rio do Senai. Um dos temas foi com rela\u00e7\u00e3o \u00e0s despesas em casa e o outro sobre planos de neg\u00f3cio.<\/p>\n<p>O diretor-presidente do Condesc, Joanc\u00e9lio Pe\u00e7anha acredita que essa foi mais uma oportunidade de aprender um pouco mais sobre energia, sua import\u00e2ncia, a situa\u00e7\u00e3o de Muria\u00e9, as novas tecnologias, inova\u00e7\u00f5es como a energia solar, etc. <em>\u201cMuria\u00e9 \u00e9 um munic\u00edpio muito receptivo e essa parceria com o Sebrae e o Senai \u00a0facilita para o empres\u00e1rio e pessoa f\u00edsica na busca pela expans\u00e3o dos conhecimentos. Na consultoria de efici\u00eancia energ\u00e9tica, puderam aprender como diminuir o consumo de luz. Muitos querem ter esse efeito, mas n\u00e3o procuram como deveriam ou n\u00e3o sabem o resultado imediato que algumas a\u00e7\u00f5es implicam\u201d,<\/em> avalia.<\/p>\n<p>O analista t\u00e9cnico Jefferson Dias Santos, explica que o Sebrae trabalha sempre com o incentivo e a inova\u00e7\u00e3o. <em>\u201cAtualmente, as empresas precisam e podem reduzir seu custo, aumentando a lucratividade, reduzindo os desperd\u00edcios\u201d,<\/em> destaca.<\/p>\n<p>O palestrante, representante e analista de tecnologia, Felipe Chavier Ribeiro Pacifico, lembra que o Senai \u00e9 muito reconhecido na \u00e1rea educacional, mas apresenta outros servi\u00e7os nas \u00e1reas tecnol\u00f3gicas e de seguran\u00e7a de equipamentos. <em>\u201cAcredito que a palestra foi bem proveitosa. O p\u00fablico estava bastante interessado. Precisamos atuar para sermos mais competitivos no mercado. Nossas portas est\u00e3o sempre abertas para esses tipos de consultoria\u201d,<\/em> completa.<\/p>\n<p>Segundo Gustavo Ferreira de Oliveira, diretor de produtos da CDL, as entidades representativas da cidade t\u00eam que estar sempre unidas, em parceria, trabalhando pensando no desenvolvimento e capacitando as pessoas para um melhor trabalho, permitindo maior desenvolvimento das empresas e melhor sustento da fam\u00edlia. <em>\u201cMais do que nunca, temos que estar juntos. O conhecimento que os palestrantes propuseram para n\u00f3s, empres\u00e1rios, representantes e cidad\u00e3os muriaeenses, \u00e9 de uni\u00e3o, ainda mais num momento de crise. Temos que levar aprendizado para as pessoas que necessitam de um apoio\u201d,<\/em> acrescenta.<\/p>\n<p>O eletricista profissional, Ilson Carneiro, tem uma empresa que trabalha com Energia Solar, Agente autorizado Pr\u00e1til- Enel, com venda e instala\u00e7\u00e3o de m\u00e1quinas. \u201cTemos muita energia sobrando no c\u00e9u da nossa regi\u00e3o e isso n\u00e3o \u00e9 muito aproveitado. O investimento n\u00e3o \u00e9 baixo, mas d\u00e1 um retorno em mais ou menos cinco anos\u201d, garante.<\/p>\n<p><img decoding=\"async\" class=\"ngg_displayed_gallery mceItem\" src=\"http:\/\/folhadosudeste.com\/site\/index.php\/nextgen-attach_to_post\/preview\/id--22982\" alt=\"\" \/><\/p>\n","protected":false},"excerpt":{"rendered":"<p>O Sebrae, em parceria com o Senai, CDL Muria\u00e9, Condesc e com o patroc\u00ednio da Pr\u00e1til- Grupo Enel, realizaram, na noite da \u00faltima segunda (4), a palestra \u2018Aumente o lucro da sua empresa atrav\u00e9s do uso eficiente de energia\u2019, no audit\u00f3rio do Senai. Um dos temas foi com rela\u00e7\u00e3o \u00e0s despesas em casa e o [&hellip;]<\/p>\n","protected":false},"author":6,"featured_media":22965,"comment_status":"open","ping_status":"closed","sticky":false,"template":"","format":"standard","meta":{"_joinchat":[],"footnotes":""},"categories":[1],"tags":[],"class_list":["post-22964","post","type-post","status-publish","format-standard","has-post-thumbnail","hentry","category-sem-categoria"],"_links":{"self":[{"href":"http:\/\/folhadosudeste.com\/site\/index.php?rest_route=\/wp\/v2\/posts\/22964","targetHints":{"allow":["GET"]}}],"collection":[{"href":"http:\/\/folhadosudeste.com\/site\/index.php?rest_route=\/wp\/v2\/posts"}],"about":[{"href":"http:\/\/folhadosudeste.com\/site\/index.php?rest_route=\/wp\/v2\/types\/post"}],"author":[{"embeddable":true,"href":"http:\/\/folhadosudeste.com\/site\/index.php?rest_route=\/wp\/v2\/users\/6"}],"replies":[{"embeddable":true,"href":"http:\/\/folhadosudeste.com\/site\/index.php?rest_route=%2Fwp%2Fv2%2Fcomments&post=22964"}],"version-history":[{"count":1,"href":"http:\/\/folhadosudeste.com\/site\/index.php?rest_route=\/wp\/v2\/posts\/22964\/revisions"}],"predecessor-version":[{"id":22983,"href":"http:\/\/folhadosudeste.com\/site\/index.php?rest_route=\/wp\/v2\/posts\/22964\/revisions\/22983"}],"wp:featuredmedia":[{"embeddable":true,"href":"http:\/\/folhadosudeste.com\/site\/index.php?rest_route=\/wp\/v2\/media\/22965"}],"wp:attachment":[{"href":"http:\/\/folhadosudeste.com\/site\/index.php?rest_route=%2Fwp%2Fv2%2Fmedia&parent=22964"}],"wp:term":[{"taxonomy":"category","embeddable":true,"href":"http:\/\/folhadosudeste.com\/site\/index.php?rest_route=%2Fwp%2Fv2%2Fcategories&post=22964"},{"taxonomy":"post_tag","embeddable":true,"href":"http:\/\/folhadosudeste.com\/site\/index.php?rest_route=%2Fwp%2Fv2%2Ftags&post=22964"}],"curies":[{"name":"wp","href":"https:\/\/api.w.org\/{rel}","templated":true}]}}