{"id":23064,"date":"2016-07-08T13:12:30","date_gmt":"2016-07-08T13:12:30","guid":{"rendered":"http:\/\/folhadosudeste.com\/site\/?p=23064"},"modified":"2016-07-08T13:12:30","modified_gmt":"2016-07-08T13:12:30","slug":"festa-da-familia-do-bairro-santana","status":"publish","type":"post","link":"http:\/\/folhadosudeste.com\/site\/?p=23064","title":{"rendered":"Festa da Fam\u00edlia do bairro Santana"},"content":{"rendered":"<p><a href=\"http:\/\/folhadosudeste.com\/site\/wp-content\/uploads\/2016\/07\/DSC_0177.jpg\"><img loading=\"lazy\" decoding=\"async\" class=\"aligncenter wp-image-23065 size-full\" src=\"http:\/\/folhadosudeste.com\/site\/wp-content\/uploads\/2016\/07\/DSC_0177.jpg\" alt=\"DSC_0177\" width=\"800\" height=\"533\" srcset=\"http:\/\/folhadosudeste.com\/site\/wp-content\/uploads\/2016\/07\/DSC_0177.jpg 800w, http:\/\/folhadosudeste.com\/site\/wp-content\/uploads\/2016\/07\/DSC_0177-300x199.jpg 300w\" sizes=\"auto, (max-width: 800px) 100vw, 800px\" \/><\/a><\/p>\n<p>No \u00faltimo final de semana foi realizada mais uma edi\u00e7\u00e3o da tradicional Festa da Fam\u00edlia, do bairro Santana. Organizado pela associa\u00e7\u00e3o do bairro, o evento j\u00e1 faz parte do calend\u00e1rio festivo da cidade, acontecendo h\u00e1 27 anos, idealizado por Davi Lacerda. Os pr\u00eamios s\u00e3o doados pelos patrocinadores, para serem sorteados. Este ano foram 4 bicicletas, fog\u00e3o, pernil assado, enfim mais de 80 pr\u00eamios. Estiveram presentes aproximadamente 3 mil pessoas. A m\u00fasica ao vivo ficou por conta de Luiz, do Cardoso de Melo.<\/p>\n<p>Valdinei Lacerda foi eleito e cumpre o primeiro ano de mandato como presidente da Associa\u00e7\u00e3o de Moradores do Bairro Santana, tendo tamb\u00e9m participado da outra diretoria. <em>\u201cA Festa da Fam\u00edlia \u00e9 especial, um evento familiar, que re\u00fane crian\u00e7as, jovens e adultos. \u00c9 uma alegria muito grande, porque hoje em dia, com toda a correria, \u00e0s vezes esquecemos o dialogo, a conversa, etc.\u201d,<\/em> destaca.<\/p>\n<p>Vanderlei Jos\u00e9 Bandale\u00e3o, morador do bairro Santana h\u00e1 15 anos, participou pela primeira vez da festa e ganhou uma bicicleta<em>. \u201cEstou muito contente, a festa foi muito boa e pretendo participar todos os anos\u201d,<\/em> explica.<\/p>\n<p>&nbsp;<\/p>\n","protected":false},"excerpt":{"rendered":"<p>No \u00faltimo final de semana foi realizada mais uma edi\u00e7\u00e3o da tradicional Festa da Fam\u00edlia, do bairro Santana. Organizado pela associa\u00e7\u00e3o do bairro, o evento j\u00e1 faz parte do calend\u00e1rio festivo da cidade, acontecendo h\u00e1 27 anos, idealizado por Davi Lacerda. Os pr\u00eamios s\u00e3o doados pelos patrocinadores, para serem sorteados. Este ano foram 4 bicicletas, [&hellip;]<\/p>\n","protected":false},"author":6,"featured_media":23065,"comment_status":"open","ping_status":"closed","sticky":false,"template":"","format":"standard","meta":{"_joinchat":[],"footnotes":""},"categories":[1],"tags":[],"class_list":["post-23064","post","type-post","status-publish","format-standard","has-post-thumbnail","hentry","category-sem-categoria"],"_links":{"self":[{"href":"http:\/\/folhadosudeste.com\/site\/index.php?rest_route=\/wp\/v2\/posts\/23064","targetHints":{"allow":["GET"]}}],"collection":[{"href":"http:\/\/folhadosudeste.com\/site\/index.php?rest_route=\/wp\/v2\/posts"}],"about":[{"href":"http:\/\/folhadosudeste.com\/site\/index.php?rest_route=\/wp\/v2\/types\/post"}],"author":[{"embeddable":true,"href":"http:\/\/folhadosudeste.com\/site\/index.php?rest_route=\/wp\/v2\/users\/6"}],"replies":[{"embeddable":true,"href":"http:\/\/folhadosudeste.com\/site\/index.php?rest_route=%2Fwp%2Fv2%2Fcomments&post=23064"}],"version-history":[{"count":1,"href":"http:\/\/folhadosudeste.com\/site\/index.php?rest_route=\/wp\/v2\/posts\/23064\/revisions"}],"predecessor-version":[{"id":23066,"href":"http:\/\/folhadosudeste.com\/site\/index.php?rest_route=\/wp\/v2\/posts\/23064\/revisions\/23066"}],"wp:featuredmedia":[{"embeddable":true,"href":"http:\/\/folhadosudeste.com\/site\/index.php?rest_route=\/wp\/v2\/media\/23065"}],"wp:attachment":[{"href":"http:\/\/folhadosudeste.com\/site\/index.php?rest_route=%2Fwp%2Fv2%2Fmedia&parent=23064"}],"wp:term":[{"taxonomy":"category","embeddable":true,"href":"http:\/\/folhadosudeste.com\/site\/index.php?rest_route=%2Fwp%2Fv2%2Fcategories&post=23064"},{"taxonomy":"post_tag","embeddable":true,"href":"http:\/\/folhadosudeste.com\/site\/index.php?rest_route=%2Fwp%2Fv2%2Ftags&post=23064"}],"curies":[{"name":"wp","href":"https:\/\/api.w.org\/{rel}","templated":true}]}}