{"id":23076,"date":"2016-07-14T19:07:02","date_gmt":"2016-07-14T19:07:02","guid":{"rendered":"http:\/\/folhadosudeste.com\/site\/?p=23076"},"modified":"2016-07-14T19:07:02","modified_gmt":"2016-07-14T19:07:02","slug":"mais-uma-turma-de-radiologia-e-seguranca-do-trabalho-forma-se-pelo-centep","status":"publish","type":"post","link":"http:\/\/folhadosudeste.com\/site\/?p=23076","title":{"rendered":"Mais uma turma de Radiologia e Seguran\u00e7a do Trabalho forma-se pelo CENTEP"},"content":{"rendered":"<p><a href=\"http:\/\/folhadosudeste.com\/site\/wp-content\/uploads\/2016\/07\/DSC_0277.jpg\"><img loading=\"lazy\" decoding=\"async\" class=\"aligncenter wp-image-23077 size-full\" src=\"http:\/\/folhadosudeste.com\/site\/wp-content\/uploads\/2016\/07\/DSC_0277.jpg\" alt=\"DSC_0277\" width=\"800\" height=\"533\" srcset=\"http:\/\/folhadosudeste.com\/site\/wp-content\/uploads\/2016\/07\/DSC_0277.jpg 800w, http:\/\/folhadosudeste.com\/site\/wp-content\/uploads\/2016\/07\/DSC_0277-300x199.jpg 300w\" sizes=\"auto, (max-width: 800px) 100vw, 800px\" \/><\/a><\/p>\n<p>O CENTEP formou, no \u00faltimo final de semana, mais uma turma de t\u00e9cnicos em Radiologia e em Seguran\u00e7a do Trabalho. Os formandos foram prestigiados por seus professores, familiares e amigos, concretizando seu sonho e revelando-se prontos para assumirem seus compromissos: o de colaborar com seus servi\u00e7os para uma sociedade melhor. A dire\u00e7\u00e3o, paraninfos e padrinhos deixaram suas palavras e sinceros desejos de sucessos aos novos profissionais que agora est\u00e3o \u00e0 disposi\u00e7\u00e3o no mercado de trabalho. Em uma noite de homenagens, emo\u00e7\u00e3o \u00e9 a palavra que melhor pode ser usada para descrever o sentimento predominante. Compuseram a mesa: o administrador Marcos Paulo, a diretora Elaine Cristina, a secret\u00e1ria Viviane e os professores amigos das turmas: Rodrigo e Evandro.<\/p>\n<p>O administrador do CENTEP, Marcos Paulo, parabenizou os estudantes pela formatura e agradeceu a todos pela confian\u00e7a no trabalho que realiza com sua equipe. <em>\u201c\u00c9 uma alegria muito grande celebrar esse momento em que eles passam de alunos para profissionais. Ao longo deste tempo em que estiveram conosco, aprenderam uma profiss\u00e3o com nossos professores, pois vieram aqui justamente para isso, buscar um conhecimento. Mas n\u00e3o foram s\u00f3 eles, n\u00f3s tamb\u00e9m aprendemos muito ao longo dessa jornada. Ficamos felizes em proporcionar isso, pois juntos formamos uma verdadeira fam\u00edlia. Agora comemoramos, ao v\u00ea-los sa\u00edrem vitoriosos. Desejo, daqui pra frente, muitas felicidades e sucesso nas escolhas. Que sejam perseverantes, tenham muito otimismo, honestidade e respeito com as pessoas, sendo bem sucedidos pessoalmente e profissionalmente nessa nova etapa que se inicia. E contem conosco sempre\u201d,<\/em> destaca.<\/p>\n<p>O professor do curso de T\u00e9cnico em Seguran\u00e7a do Trabalho, Evandro Mota Pacheco, recebeu uma homenagem da turma, por t\u00ea-la acompanhado durante dois anos, abrangendo cinco m\u00f3dulos. Ele acredita ter conseguido passar para os estudantes uma perspectiva de vida, mesmo para aqueles que n\u00e3o trabalhar\u00e3o de imediato com sua \u00e1rea de estudo. Para ele, \u00e9 importante ter motiva\u00e7\u00e3o, para vencer as dificuldades dos estudos e da profiss\u00e3o. <em>\u201cAcredito que conseguimos passar nossa experi\u00eancia para os alunos em sala de aula, incentivando para eles lutarem em busca do sucesso, aproveitando ao m\u00e1ximo cada momento. Essa foi uma turma bem diferenciada, animada, disposta a estudar, fazer os trabalhos extra-classe, sempre motivados, os mais velhos apoiando os mais novos, ent\u00e3o tenho certeza de que eles sa\u00edram preparados. Al\u00e9m das atividades normais do curso, tiveram 200 horas de est\u00e1gio, capacitando ainda mais para o mercado de trabalho, com muitos conhecimentos e prepara\u00e7\u00e3o. Estamos concluindo a trajet\u00f3ria de alunos que ser\u00e3o excelentes profissionais, prontos para colaborarem com seus conhecimentos e capacidades\u201d,<\/em> afirma.<\/p>\n<p><img decoding=\"async\" class=\"ngg_displayed_gallery mceItem\" src=\"http:\/\/folhadosudeste.com\/site\/index.php\/nextgen-attach_to_post\/preview\/id--23118\" alt=\"\" \/><\/p>\n","protected":false},"excerpt":{"rendered":"<p>O CENTEP formou, no \u00faltimo final de semana, mais uma turma de t\u00e9cnicos em Radiologia e em Seguran\u00e7a do Trabalho. Os formandos foram prestigiados por seus professores, familiares e amigos, concretizando seu sonho e revelando-se prontos para assumirem seus compromissos: o de colaborar com seus servi\u00e7os para uma sociedade melhor. A dire\u00e7\u00e3o, paraninfos e padrinhos [&hellip;]<\/p>\n","protected":false},"author":6,"featured_media":23077,"comment_status":"open","ping_status":"closed","sticky":false,"template":"","format":"standard","meta":{"_joinchat":[],"footnotes":""},"categories":[1],"tags":[],"class_list":["post-23076","post","type-post","status-publish","format-standard","has-post-thumbnail","hentry","category-sem-categoria"],"_links":{"self":[{"href":"http:\/\/folhadosudeste.com\/site\/index.php?rest_route=\/wp\/v2\/posts\/23076","targetHints":{"allow":["GET"]}}],"collection":[{"href":"http:\/\/folhadosudeste.com\/site\/index.php?rest_route=\/wp\/v2\/posts"}],"about":[{"href":"http:\/\/folhadosudeste.com\/site\/index.php?rest_route=\/wp\/v2\/types\/post"}],"author":[{"embeddable":true,"href":"http:\/\/folhadosudeste.com\/site\/index.php?rest_route=\/wp\/v2\/users\/6"}],"replies":[{"embeddable":true,"href":"http:\/\/folhadosudeste.com\/site\/index.php?rest_route=%2Fwp%2Fv2%2Fcomments&post=23076"}],"version-history":[{"count":1,"href":"http:\/\/folhadosudeste.com\/site\/index.php?rest_route=\/wp\/v2\/posts\/23076\/revisions"}],"predecessor-version":[{"id":23119,"href":"http:\/\/folhadosudeste.com\/site\/index.php?rest_route=\/wp\/v2\/posts\/23076\/revisions\/23119"}],"wp:featuredmedia":[{"embeddable":true,"href":"http:\/\/folhadosudeste.com\/site\/index.php?rest_route=\/wp\/v2\/media\/23077"}],"wp:attachment":[{"href":"http:\/\/folhadosudeste.com\/site\/index.php?rest_route=%2Fwp%2Fv2%2Fmedia&parent=23076"}],"wp:term":[{"taxonomy":"category","embeddable":true,"href":"http:\/\/folhadosudeste.com\/site\/index.php?rest_route=%2Fwp%2Fv2%2Fcategories&post=23076"},{"taxonomy":"post_tag","embeddable":true,"href":"http:\/\/folhadosudeste.com\/site\/index.php?rest_route=%2Fwp%2Fv2%2Ftags&post=23076"}],"curies":[{"name":"wp","href":"https:\/\/api.w.org\/{rel}","templated":true}]}}