{"id":23386,"date":"2016-07-22T13:05:50","date_gmt":"2016-07-22T13:05:50","guid":{"rendered":"http:\/\/folhadosudeste.com\/site\/?p=23386"},"modified":"2016-07-22T13:05:50","modified_gmt":"2016-07-22T13:05:50","slug":"tagarela-outra-vez-rima-rima-1-2-3-segundo-livro-de-pollyana-matos-e-lancado-em-muriae","status":"publish","type":"post","link":"http:\/\/folhadosudeste.com\/site\/?p=23386","title":{"rendered":"\u2018Tagarela Outra Vez Rima Rima 1, 2, 3\u2019, segundo livro de Pollyana Matos, \u00e9 lan\u00e7ado em Muria\u00e9"},"content":{"rendered":"<p><a href=\"http:\/\/folhadosudeste.com\/site\/wp-content\/uploads\/2016\/07\/DSC_0003.jpg\"><img loading=\"lazy\" decoding=\"async\" class=\"aligncenter wp-image-23387 size-full\" src=\"http:\/\/folhadosudeste.com\/site\/wp-content\/uploads\/2016\/07\/DSC_0003.jpg\" alt=\"DSC_0003\" width=\"800\" height=\"530\" srcset=\"http:\/\/folhadosudeste.com\/site\/wp-content\/uploads\/2016\/07\/DSC_0003.jpg 800w, http:\/\/folhadosudeste.com\/site\/wp-content\/uploads\/2016\/07\/DSC_0003-300x198.jpg 300w\" sizes=\"auto, (max-width: 800px) 100vw, 800px\" \/><\/a><\/p>\n<p>A escritora Pollyana Almeida de Matos lan\u00e7ou em Muria\u00e9, na Biblioteca Municipal, seu segundo livro, que leva o t\u00edtulo de \u2018Tagarela Outra Vez Rima Rima 1, 2, 3\u2019. A autora teve a colabora\u00e7\u00e3o de Paollo Vardiero, que assina as ilustra\u00e7\u00f5es, Am\u00e1lia de Castro G. Bernardes, que ficou respons\u00e1vel pela revis\u00e3o ortogr\u00e1fica, e Vin\u00edcius Dias, que diagramou as 34 p\u00e1ginas da obra do g\u00eanero literatura infantil.<\/p>\n<p>Pollyana procurou dar continuidade ao primeiro livro com objetivo de promover o trabalho com a consci\u00eancia fonol\u00f3gica na fase de alfabetiza\u00e7\u00e3o, abordando a identifica\u00e7\u00e3o das rimas, alitera\u00e7\u00f5es, fonemas e tamb\u00e9m as dificuldades ortogr\u00e1ficas. Em \u2018Tagarela Outra Vez Rima Rima 1, 2, 3\u2019, Pollyana trabalhou mais com as s\u00edlabas complexas, o que complementa o trabalho anterior.<\/p>\n<p>A escritora Polly, como \u00e9 carinhosamente chamada por seus amigos, tem um extenso curr\u00edculo que engloba v\u00e1rias \u00e1reas voltadas \u00e0 educa\u00e7\u00e3o e alfabetiza\u00e7\u00e3o. Formou-se em Pedagogia pela FAFISM Muria\u00e9, estudou Fonoaudiologia na Faculdade Redentor (Itaperuna RJ) e concluiu v\u00e1rias P\u00f3s-Gradua\u00e7\u00f5es, como: Alfabetiza\u00e7\u00e3o e Letramento pela Universidade Federal de S\u00e3o Jo\u00e3o Del Rey (UFSJ), Coordena\u00e7\u00e3o Pedag\u00f3gica pela Universidade Federal de Vi\u00e7osa (UFV) e Atendimento Educacional Especializado pela Universidade Federal de Santa Maria (UFSM).<\/p>\n<p>Para adquirir o exemplar, os interessados podem entrar em contato com a escritora ou pela Livraria Nova Alian\u00e7a. Tamb\u00e9m ser\u00e1 dado in\u00edcio \u00e0 divulga\u00e7\u00e3o nas escolas, o que facilitar\u00e1 o acesso ao livro por parte dos alunos e de seus pais<em>. \u201cAgrade\u00e7o \u00e0s pessoas que est\u00e3o sempre comigo, minha fam\u00edlia, amigos, colegas de trabalho que sempre acreditaram nas ideias que defendo, e em especial, minha amiga e escritora Andr\u00e9ia do Valle. Agrade\u00e7o aos amigos Paollo e Vin\u00edcius, que d\u00e3o vida e cores aos personagens de minhas poesias,\u201d,<\/em> destaca.<\/p>\n<p>O ilustrador dessa edi\u00e7\u00e3o do livro, Paollo Vardiero, explica que j\u00e1 trabalha na \u00e1rea h\u00e1 bastante tempo. Formado em Designer Gr\u00e1fico e Designer de Moda, faz tamb\u00e9m faculdade de Artes na Universidade Paulista. Para ele, \u00e9 uma satisfa\u00e7\u00e3o poder colaborar, experi\u00eancia que afirma ter absorvido ao m\u00e1ximo.<\/p>\n<p>O artista, que j\u00e1 tem em sua agenda outras obras para ilustrar, tentou se imaginar crian\u00e7a, expressar em rabiscos como o pequeno leitor imaginaria o texto. <em>\u201cTentei abordar uma coisa bem alegre, fazendo o desenho interagir com o leitor, faz\u00ea-lo se identificar e, atrav\u00e9s dos personagens, criar sua pr\u00f3pria hist\u00f3ria, seu pr\u00f3prio contexto, seu teatro imagin\u00e1rio com as 14 p\u00e1ginas ilustradas\u201d,<\/em> completa.<\/p>\n<p><img decoding=\"async\" class=\"ngg_displayed_gallery mceItem\" src=\"http:\/\/folhadosudeste.com\/site\/index.php\/nextgen-attach_to_post\/preview\/id--23410\" alt=\"\" \/><\/p>\n","protected":false},"excerpt":{"rendered":"<p>A escritora Pollyana Almeida de Matos lan\u00e7ou em Muria\u00e9, na Biblioteca Municipal, seu segundo livro, que leva o t\u00edtulo de \u2018Tagarela Outra Vez Rima Rima 1, 2, 3\u2019. A autora teve a colabora\u00e7\u00e3o de Paollo Vardiero, que assina as ilustra\u00e7\u00f5es, Am\u00e1lia de Castro G. Bernardes, que ficou respons\u00e1vel pela revis\u00e3o ortogr\u00e1fica, e Vin\u00edcius Dias, que [&hellip;]<\/p>\n","protected":false},"author":6,"featured_media":23387,"comment_status":"open","ping_status":"closed","sticky":false,"template":"","format":"standard","meta":{"_joinchat":[],"footnotes":""},"categories":[1],"tags":[],"class_list":["post-23386","post","type-post","status-publish","format-standard","has-post-thumbnail","hentry","category-sem-categoria"],"_links":{"self":[{"href":"http:\/\/folhadosudeste.com\/site\/index.php?rest_route=\/wp\/v2\/posts\/23386","targetHints":{"allow":["GET"]}}],"collection":[{"href":"http:\/\/folhadosudeste.com\/site\/index.php?rest_route=\/wp\/v2\/posts"}],"about":[{"href":"http:\/\/folhadosudeste.com\/site\/index.php?rest_route=\/wp\/v2\/types\/post"}],"author":[{"embeddable":true,"href":"http:\/\/folhadosudeste.com\/site\/index.php?rest_route=\/wp\/v2\/users\/6"}],"replies":[{"embeddable":true,"href":"http:\/\/folhadosudeste.com\/site\/index.php?rest_route=%2Fwp%2Fv2%2Fcomments&post=23386"}],"version-history":[{"count":1,"href":"http:\/\/folhadosudeste.com\/site\/index.php?rest_route=\/wp\/v2\/posts\/23386\/revisions"}],"predecessor-version":[{"id":23411,"href":"http:\/\/folhadosudeste.com\/site\/index.php?rest_route=\/wp\/v2\/posts\/23386\/revisions\/23411"}],"wp:featuredmedia":[{"embeddable":true,"href":"http:\/\/folhadosudeste.com\/site\/index.php?rest_route=\/wp\/v2\/media\/23387"}],"wp:attachment":[{"href":"http:\/\/folhadosudeste.com\/site\/index.php?rest_route=%2Fwp%2Fv2%2Fmedia&parent=23386"}],"wp:term":[{"taxonomy":"category","embeddable":true,"href":"http:\/\/folhadosudeste.com\/site\/index.php?rest_route=%2Fwp%2Fv2%2Fcategories&post=23386"},{"taxonomy":"post_tag","embeddable":true,"href":"http:\/\/folhadosudeste.com\/site\/index.php?rest_route=%2Fwp%2Fv2%2Ftags&post=23386"}],"curies":[{"name":"wp","href":"https:\/\/api.w.org\/{rel}","templated":true}]}}