{"id":23488,"date":"2016-07-22T13:17:06","date_gmt":"2016-07-22T13:17:06","guid":{"rendered":"http:\/\/folhadosudeste.com\/site\/?p=23488"},"modified":"2016-07-22T13:17:06","modified_gmt":"2016-07-22T13:17:06","slug":"uniao-de-nathalia-sigiliano-e-marcelo-vaz","status":"publish","type":"post","link":"http:\/\/folhadosudeste.com\/site\/?p=23488","title":{"rendered":"Uni\u00e3o de Nath\u00e1lia Sigiliano e Marcelo Vaz"},"content":{"rendered":"<p><a href=\"http:\/\/folhadosudeste.com\/site\/wp-content\/uploads\/2016\/07\/13707708_1027684367308779_4745399802313169736_n.jpg\"><img loading=\"lazy\" decoding=\"async\" class=\"aligncenter wp-image-23489 size-full\" src=\"http:\/\/folhadosudeste.com\/site\/wp-content\/uploads\/2016\/07\/13707708_1027684367308779_4745399802313169736_n.jpg\" alt=\"13707708_1027684367308779_4745399802313169736_n\" width=\"800\" height=\"800\" srcset=\"http:\/\/folhadosudeste.com\/site\/wp-content\/uploads\/2016\/07\/13707708_1027684367308779_4745399802313169736_n.jpg 800w, http:\/\/folhadosudeste.com\/site\/wp-content\/uploads\/2016\/07\/13707708_1027684367308779_4745399802313169736_n-150x150.jpg 150w, http:\/\/folhadosudeste.com\/site\/wp-content\/uploads\/2016\/07\/13707708_1027684367308779_4745399802313169736_n-300x300.jpg 300w, http:\/\/folhadosudeste.com\/site\/wp-content\/uploads\/2016\/07\/13707708_1027684367308779_4745399802313169736_n-55x55.jpg 55w\" sizes=\"auto, (max-width: 800px) 100vw, 800px\" \/><\/a><\/p>\n<p>Em tempo registramos a uni\u00e3o de Nath\u00e1lia Aquino Sigiliano e Marcelo Jord\u00e3o de Carvalho Vaz, oficializada na noite do dia 17 de julho de 2016, com a cerim\u00f4nia religiosa presidida pelo Pe. C\u00edcero Machado Ribeiro, na Matriz S\u00e3o Paulo. Os m\u00fasicos que tocaram durante o casamento foram Duo Musical e JN Clarinada. O cabelo e maquiagem da noiva ficaram por conta do talentoso Vitor Osaka, enquanto o vestido, v\u00e9u e grinalda foram assinados por Tete Rezende Unique (Belo Horizonte). J\u00e1 o terno do noivo foi da marca Klus. Nath\u00e1lia \u00e9 filha de Cl\u00e1udia Schueler de Aquino Sigiliano e Silv\u00e9rio Tanus Sigiliano. J\u00e1 Marcelo \u00e9 filho de Lourdes Stela Jord\u00e3o de Carvalho Vaz e Jos\u00e9 Ant\u00f4nio de Mattos Vaz. A festa aconteceu na AABB, com buffet assinado pela Vera Sueth, decora\u00e7\u00e3o de Jo\u00e3o Carlos Corr\u00eaa , bolo de Consola\u00e7\u00e3o Rodrigues, bem-casados e chocolates de Zini Tanus Xaia e macarons de Gustavo Tanus Bahia e Ana Paula Freitas Lacerda &#8211; (G\u00f6tter Chocolates). A m\u00fasica ficou por conta da Banda Lumina e DJ Bruno Bidu (Four Disco). Destaque tamb\u00e9m para as fotos de Anchell Fotografia, filmagem de Diniz Films, cerimonial de Jo\u00e3o Vitor Mendes Coquito e open bar do Thiago Barman. Os noivos seguiram em viagem de Lua de Mel para Cancun (M\u00e9xico). Desejamos aos nossos amigos rec\u00e9m-casados muitas felicidades e as b\u00ean\u00e7\u00e3os de Deus \u00a0em suas vidas.<\/p>\n<p><img decoding=\"async\" class=\"ngg_displayed_gallery mceItem\" src=\"http:\/\/folhadosudeste.com\/site\/index.php\/nextgen-attach_to_post\/preview\/id--23510\" alt=\"\" \/><\/p>\n","protected":false},"excerpt":{"rendered":"<p>Em tempo registramos a uni\u00e3o de Nath\u00e1lia Aquino Sigiliano e Marcelo Jord\u00e3o de Carvalho Vaz, oficializada na noite do dia 17 de julho de 2016, com a cerim\u00f4nia religiosa presidida pelo Pe. C\u00edcero Machado Ribeiro, na Matriz S\u00e3o Paulo. Os m\u00fasicos que tocaram durante o casamento foram Duo Musical e JN Clarinada. O cabelo e [&hellip;]<\/p>\n","protected":false},"author":6,"featured_media":23489,"comment_status":"open","ping_status":"closed","sticky":false,"template":"","format":"standard","meta":{"_joinchat":[],"footnotes":""},"categories":[1],"tags":[],"class_list":["post-23488","post","type-post","status-publish","format-standard","has-post-thumbnail","hentry","category-sem-categoria"],"_links":{"self":[{"href":"http:\/\/folhadosudeste.com\/site\/index.php?rest_route=\/wp\/v2\/posts\/23488","targetHints":{"allow":["GET"]}}],"collection":[{"href":"http:\/\/folhadosudeste.com\/site\/index.php?rest_route=\/wp\/v2\/posts"}],"about":[{"href":"http:\/\/folhadosudeste.com\/site\/index.php?rest_route=\/wp\/v2\/types\/post"}],"author":[{"embeddable":true,"href":"http:\/\/folhadosudeste.com\/site\/index.php?rest_route=\/wp\/v2\/users\/6"}],"replies":[{"embeddable":true,"href":"http:\/\/folhadosudeste.com\/site\/index.php?rest_route=%2Fwp%2Fv2%2Fcomments&post=23488"}],"version-history":[{"count":1,"href":"http:\/\/folhadosudeste.com\/site\/index.php?rest_route=\/wp\/v2\/posts\/23488\/revisions"}],"predecessor-version":[{"id":23511,"href":"http:\/\/folhadosudeste.com\/site\/index.php?rest_route=\/wp\/v2\/posts\/23488\/revisions\/23511"}],"wp:featuredmedia":[{"embeddable":true,"href":"http:\/\/folhadosudeste.com\/site\/index.php?rest_route=\/wp\/v2\/media\/23489"}],"wp:attachment":[{"href":"http:\/\/folhadosudeste.com\/site\/index.php?rest_route=%2Fwp%2Fv2%2Fmedia&parent=23488"}],"wp:term":[{"taxonomy":"category","embeddable":true,"href":"http:\/\/folhadosudeste.com\/site\/index.php?rest_route=%2Fwp%2Fv2%2Fcategories&post=23488"},{"taxonomy":"post_tag","embeddable":true,"href":"http:\/\/folhadosudeste.com\/site\/index.php?rest_route=%2Fwp%2Fv2%2Ftags&post=23488"}],"curies":[{"name":"wp","href":"https:\/\/api.w.org\/{rel}","templated":true}]}}