{"id":23606,"date":"2016-07-29T12:26:00","date_gmt":"2016-07-29T12:26:00","guid":{"rendered":"http:\/\/folhadosudeste.com\/site\/?p=23606"},"modified":"2016-07-29T12:26:00","modified_gmt":"2016-07-29T12:26:00","slug":"70a-festa-de-sao-cristovao-oficina-do-cezar-e-patrona-da-edicao-deste-ano","status":"publish","type":"post","link":"http:\/\/folhadosudeste.com\/site\/?p=23606","title":{"rendered":"70\u00aa Festa de S\u00e3o Crist\u00f3v\u00e3o: Oficina do Cezar \u00e9 patrona da edi\u00e7\u00e3o deste ano"},"content":{"rendered":"<p><a href=\"http:\/\/folhadosudeste.com\/site\/wp-content\/uploads\/2016\/07\/DSC07795.jpg\"><img loading=\"lazy\" decoding=\"async\" class=\"aligncenter wp-image-23607 size-full\" src=\"http:\/\/folhadosudeste.com\/site\/wp-content\/uploads\/2016\/07\/DSC07795.jpg\" alt=\"DSC07795\" width=\"800\" height=\"533\" srcset=\"http:\/\/folhadosudeste.com\/site\/wp-content\/uploads\/2016\/07\/DSC07795.jpg 800w, http:\/\/folhadosudeste.com\/site\/wp-content\/uploads\/2016\/07\/DSC07795-300x199.jpg 300w\" sizes=\"auto, (max-width: 800px) 100vw, 800px\" \/><\/a><\/p>\n<p>A 70\u00aa edi\u00e7\u00e3o da Tradicional Festa de S\u00e3o Crist\u00f3v\u00e3o, promovida anualmente pela Par\u00f3quia Nossa Senhora Aparecida (Porto), teve como patrono, este ano, a Oficina do Cezar. O final do m\u00eas de julho foi organizado com uma programa\u00e7\u00e3o toda especial e culminou com a Carreata de S\u00e3o Crist\u00f3v\u00e3o, a t\u00e3o aguardada prociss\u00e3o dos ve\u00edculos, realizada no \u00faltimo domingo (24).<\/p>\n<p>Janete, uma das diretoras da Oficina do Cezar, explica que ser patrona da festa \u00e9 uma emo\u00e7\u00e3o muito agrad\u00e1vel. Essa \u00e9 a segunda vez em que ela participa<em>. \u201cAcho que \u00e9 um trabalho muito bom de fazer junto \u00e0 comunidade, traz muitas alegrias e nos deixa muito felizes\u201d,<\/em> afirma. A empres\u00e1ria e seu esposo, junto aos funcion\u00e1rios da empresa, foram os anfitri\u00f5es e recepcionaram o Padre Carlos Henrique Mariosa, que visitou a sede e aben\u00e7oou toda a equipe, bem como o ambiente de trabalho. Foi servido tamb\u00e9m um caf\u00e9 da manh\u00e3 na ocasi\u00e3o, partilhado por todos.<\/p>\n<p>Pe. Carlos Henrique Mariosa, h\u00e1 90 dias no cargo de p\u00e1roco, manteve a tradi\u00e7\u00e3o da festividade, que acontece h\u00e1 aproximados 70 anos, aben\u00e7oando os motoristas. <em>\u201cDesejo que Deus os proteja em suas viagens, no caminho de suas cidades e no destino ao qual tenham que chegar. O Dia de S\u00e3o Crist\u00f3v\u00e3o \u00e9 motivo de festa e alegria para n\u00f3s. Convidamos o Cezar em junho e ele prontamente aceitou nosso convite de ser patrono. Que Deus derrame muitas b\u00ean\u00e7\u00e3os sobre ele e sua fam\u00edlia\u201d,<\/em> destaca.<\/p>\n<p>O p\u00e1roco manteve a tradi\u00e7\u00e3o e deu sua b\u00ean\u00e7\u00e3o sobre centenas de ve\u00edculos (entre eles bicicletas, motos, carros e caminh\u00f5es) e condutores, pedindo a Deus pela paz e seguran\u00e7a dos que trafegam pelas ruas e estradas. Eles trafegaram pelas principais ruas da cidade levando \u00e0 frente a imagem do santo festejado. Teve tamb\u00e9m um almo\u00e7o de confraterniza\u00e7\u00e3o, homenagens, entre outras atividades previstas na programa\u00e7\u00e3o. Toda a renda ser\u00e1 revertida para a igreja.<\/p>\n<p>&nbsp;<\/p>\n<p><strong>Oficina do Cezar<\/strong><\/p>\n<p>Trata-se de uma empresa de tradi\u00e7\u00e3o no mercado varejista de m\u00e1quinas de costura industrial, pe\u00e7as, assist\u00eancia t\u00e9cnica e equipamentos para silk-screen. H\u00e1 mais de 30 anos atende em todo o Brasil, com produtos de qualidade e originais. Sempre teve e tem como prioridade atender seus clientes e amigos de maneira r\u00e1pida, eficaz e com seriedade. Foi com esse atendimento personalizado que adquiriu confian\u00e7a, respeito e notoriedade no mercado de m\u00e1quinas e pe\u00e7as. Para isso, sempre contou com dedica\u00e7\u00e3o e carinho dos seus funcion\u00e1rios, que est\u00e3o sempre empenhados em fazer o melhor pela empresa e principalmente pelos clientes.<\/p>\n<p>N\u00e3o \u00e9 f\u00e1cil conquistar a confian\u00e7a de algu\u00e9m. Mais dif\u00edcil ainda \u00e9 mant\u00ea-la com o passar do tempo e com seguran\u00e7a. Seguran\u00e7a esta que n\u00e3o se resume simplesmente ao uso de equipamentos b\u00e1sicos necess\u00e1rios ao manuseio de m\u00e1quinas, nem manuten\u00e7\u00f5es peri\u00f3dicas nos produtos comercializados; vai al\u00e9m disso: est\u00e1 em cada detalhe do servi\u00e7o prestado, visando sempre o bem estar e as necessidades dos clientes. Al\u00e9m disso, sempre aprimora estes princ\u00edpios, ciente de que s\u00e3o pe\u00e7as fundamentais e fazem a diferen\u00e7a na escolha de uma empresa.<\/p>\n<p><img decoding=\"async\" class=\"ngg_displayed_gallery mceItem\" src=\"http:\/\/folhadosudeste.com\/site\/index.php\/nextgen-attach_to_post\/preview\/id--23646\" alt=\"\" \/><\/p>\n","protected":false},"excerpt":{"rendered":"<p>A 70\u00aa edi\u00e7\u00e3o da Tradicional Festa de S\u00e3o Crist\u00f3v\u00e3o, promovida anualmente pela Par\u00f3quia Nossa Senhora Aparecida (Porto), teve como patrono, este ano, a Oficina do Cezar. O final do m\u00eas de julho foi organizado com uma programa\u00e7\u00e3o toda especial e culminou com a Carreata de S\u00e3o Crist\u00f3v\u00e3o, a t\u00e3o aguardada prociss\u00e3o dos ve\u00edculos, realizada no [&hellip;]<\/p>\n","protected":false},"author":6,"featured_media":23607,"comment_status":"open","ping_status":"closed","sticky":false,"template":"","format":"standard","meta":{"_joinchat":[],"footnotes":""},"categories":[1],"tags":[],"class_list":["post-23606","post","type-post","status-publish","format-standard","has-post-thumbnail","hentry","category-sem-categoria"],"_links":{"self":[{"href":"http:\/\/folhadosudeste.com\/site\/index.php?rest_route=\/wp\/v2\/posts\/23606","targetHints":{"allow":["GET"]}}],"collection":[{"href":"http:\/\/folhadosudeste.com\/site\/index.php?rest_route=\/wp\/v2\/posts"}],"about":[{"href":"http:\/\/folhadosudeste.com\/site\/index.php?rest_route=\/wp\/v2\/types\/post"}],"author":[{"embeddable":true,"href":"http:\/\/folhadosudeste.com\/site\/index.php?rest_route=\/wp\/v2\/users\/6"}],"replies":[{"embeddable":true,"href":"http:\/\/folhadosudeste.com\/site\/index.php?rest_route=%2Fwp%2Fv2%2Fcomments&post=23606"}],"version-history":[{"count":1,"href":"http:\/\/folhadosudeste.com\/site\/index.php?rest_route=\/wp\/v2\/posts\/23606\/revisions"}],"predecessor-version":[{"id":23647,"href":"http:\/\/folhadosudeste.com\/site\/index.php?rest_route=\/wp\/v2\/posts\/23606\/revisions\/23647"}],"wp:featuredmedia":[{"embeddable":true,"href":"http:\/\/folhadosudeste.com\/site\/index.php?rest_route=\/wp\/v2\/media\/23607"}],"wp:attachment":[{"href":"http:\/\/folhadosudeste.com\/site\/index.php?rest_route=%2Fwp%2Fv2%2Fmedia&parent=23606"}],"wp:term":[{"taxonomy":"category","embeddable":true,"href":"http:\/\/folhadosudeste.com\/site\/index.php?rest_route=%2Fwp%2Fv2%2Fcategories&post=23606"},{"taxonomy":"post_tag","embeddable":true,"href":"http:\/\/folhadosudeste.com\/site\/index.php?rest_route=%2Fwp%2Fv2%2Ftags&post=23606"}],"curies":[{"name":"wp","href":"https:\/\/api.w.org\/{rel}","templated":true}]}}