{"id":23667,"date":"2016-07-29T12:47:48","date_gmt":"2016-07-29T12:47:48","guid":{"rendered":"http:\/\/folhadosudeste.com\/site\/?p=23667"},"modified":"2016-07-29T12:47:48","modified_gmt":"2016-07-29T12:47:48","slug":"paroquia-santa-cruz-e-comunidades-promovem-festa-da-fraternidade","status":"publish","type":"post","link":"http:\/\/folhadosudeste.com\/site\/?p=23667","title":{"rendered":"Par\u00f3quia Santa Cruz e comunidades promovem Festa da Fraternidade"},"content":{"rendered":"<p><a href=\"http:\/\/folhadosudeste.com\/site\/wp-content\/uploads\/2016\/07\/DSC_0182.jpg\"><img loading=\"lazy\" decoding=\"async\" class=\"aligncenter wp-image-23668 size-full\" src=\"http:\/\/folhadosudeste.com\/site\/wp-content\/uploads\/2016\/07\/DSC_0182.jpg\" alt=\"DSC_0182\" width=\"800\" height=\"530\" srcset=\"http:\/\/folhadosudeste.com\/site\/wp-content\/uploads\/2016\/07\/DSC_0182.jpg 800w, http:\/\/folhadosudeste.com\/site\/wp-content\/uploads\/2016\/07\/DSC_0182-300x198.jpg 300w\" sizes=\"auto, (max-width: 800px) 100vw, 800px\" \/><\/a><\/p>\n<p>Foi realizada, na \u00faltima sexta-feira (22), a Arrai\u00e1 da Fraternidade, no S\u00edtio do Grego, evento que reuniu aproximadamente 1,5 mil pessoas. A m\u00fasica ao vivo ficou por conta do talentoso m\u00fasico Jo\u00e3o Paulo e sua banda. Teve tamb\u00e9m comidas e bebidas t\u00edpicas, bingos, leil\u00e3o de assados, quadrilha e fogueira.<\/p>\n<p>Segundo Jo\u00e3o Batista, um dos organizadores e coordenador geral, o evento vinha sendo preparado h\u00e1 aproximadamente tr\u00eas meses, envolvendo todas as nove comunidades que formam a Par\u00f3quia Santa Cruz. Os recursos arrecadados s\u00e3o em prol das obras da Igreja S\u00e3o Jos\u00e9 Oper\u00e1rio (Safira) e da Comunidade Bom Pastor do bairro Primavera. <em>\u201cEm 2016, estamos comemorando o ano da Fraternidade, ent\u00e3o todos os eventos que fazemos levam esse nome. As outras comunidades ajudaram e contribu\u00edram para que as obras n\u00e3o parassem. Agradecemos a todos que nos ajudaram direta ou indiretamente para que fosse poss\u00edvel fazer este evento. A todos que colaboraram com seu trabalho, que compraram o ingresso, trabalharam nas barracas, na cozinha, na organiza\u00e7\u00e3o, nos mercados, o dono da propriedade, enfim, agradecemos de cora\u00e7\u00e3o, sem citar nome para n\u00e3o correr o risco de esquecer algu\u00e9m\u201d,<\/em> afirma. Os padres da Par\u00f3quia Jos\u00e9 Ricardo Zonta, Roberto, Alessandro e equipe de organiza\u00e7\u00e3o da festa agradecem a todos pela participa\u00e7\u00e3o, pois foram eles que fizeram o evento ficar t\u00e3o bonito e grandioso.<\/p>\n<p>De acordo com Maria Aparecida Ferreira, vice-presidente da Comunidade Bom Pastor (Primavera). As comunidades precisam da verba arrecadada, conforme colocado em pauta nas reuni\u00f5es antes do evento. Na Igreja S\u00e3o Jos\u00e9 Oper\u00e1rio teve que ser iniciada de imediato a obra do muro, pois estava desabando. <em>\u201cVai acabar ficando caro, ent\u00e3o nossa comunidade se reuniu com eles e foi feito o convite para participarmos juntos. Ganhamos o local e pudemos fazer a festa conseguindo mais recursos. J\u00e1 na nossa comunidade, estamos com um projeto para come\u00e7ar essa semana, com o arquiteto Guilherme Eut\u00e1squio, que vai fazer a planta para n\u00f3s. Faremos a modifica\u00e7\u00e3o do telhado e fachada da igreja. Nossa equipe saiu muito satisfeita e todos est\u00e3o parabenizando pela organiza\u00e7\u00e3o\u201d,<\/em> completa.<\/p>\n<p><img decoding=\"async\" class=\"ngg_displayed_gallery mceItem\" src=\"http:\/\/folhadosudeste.com\/site\/index.php\/nextgen-attach_to_post\/preview\/id--23709\" alt=\"\" \/><\/p>\n","protected":false},"excerpt":{"rendered":"<p>Foi realizada, na \u00faltima sexta-feira (22), a Arrai\u00e1 da Fraternidade, no S\u00edtio do Grego, evento que reuniu aproximadamente 1,5 mil pessoas. A m\u00fasica ao vivo ficou por conta do talentoso m\u00fasico Jo\u00e3o Paulo e sua banda. Teve tamb\u00e9m comidas e bebidas t\u00edpicas, bingos, leil\u00e3o de assados, quadrilha e fogueira. Segundo Jo\u00e3o Batista, um dos organizadores [&hellip;]<\/p>\n","protected":false},"author":6,"featured_media":23668,"comment_status":"open","ping_status":"closed","sticky":false,"template":"","format":"standard","meta":{"_joinchat":[],"footnotes":""},"categories":[1],"tags":[],"class_list":["post-23667","post","type-post","status-publish","format-standard","has-post-thumbnail","hentry","category-sem-categoria"],"_links":{"self":[{"href":"http:\/\/folhadosudeste.com\/site\/index.php?rest_route=\/wp\/v2\/posts\/23667","targetHints":{"allow":["GET"]}}],"collection":[{"href":"http:\/\/folhadosudeste.com\/site\/index.php?rest_route=\/wp\/v2\/posts"}],"about":[{"href":"http:\/\/folhadosudeste.com\/site\/index.php?rest_route=\/wp\/v2\/types\/post"}],"author":[{"embeddable":true,"href":"http:\/\/folhadosudeste.com\/site\/index.php?rest_route=\/wp\/v2\/users\/6"}],"replies":[{"embeddable":true,"href":"http:\/\/folhadosudeste.com\/site\/index.php?rest_route=%2Fwp%2Fv2%2Fcomments&post=23667"}],"version-history":[{"count":1,"href":"http:\/\/folhadosudeste.com\/site\/index.php?rest_route=\/wp\/v2\/posts\/23667\/revisions"}],"predecessor-version":[{"id":23710,"href":"http:\/\/folhadosudeste.com\/site\/index.php?rest_route=\/wp\/v2\/posts\/23667\/revisions\/23710"}],"wp:featuredmedia":[{"embeddable":true,"href":"http:\/\/folhadosudeste.com\/site\/index.php?rest_route=\/wp\/v2\/media\/23668"}],"wp:attachment":[{"href":"http:\/\/folhadosudeste.com\/site\/index.php?rest_route=%2Fwp%2Fv2%2Fmedia&parent=23667"}],"wp:term":[{"taxonomy":"category","embeddable":true,"href":"http:\/\/folhadosudeste.com\/site\/index.php?rest_route=%2Fwp%2Fv2%2Fcategories&post=23667"},{"taxonomy":"post_tag","embeddable":true,"href":"http:\/\/folhadosudeste.com\/site\/index.php?rest_route=%2Fwp%2Fv2%2Ftags&post=23667"}],"curies":[{"name":"wp","href":"https:\/\/api.w.org\/{rel}","templated":true}]}}