{"id":23711,"date":"2016-07-29T13:00:41","date_gmt":"2016-07-29T13:00:41","guid":{"rendered":"http:\/\/folhadosudeste.com\/site\/?p=23711"},"modified":"2016-07-29T13:00:41","modified_gmt":"2016-07-29T13:00:41","slug":"30-anos-da-loja-maconica-seareiros-da-paz","status":"publish","type":"post","link":"http:\/\/folhadosudeste.com\/site\/?p=23711","title":{"rendered":"30 anos da Loja Ma\u00e7\u00f4nica Seareiros da Paz"},"content":{"rendered":"<p><a href=\"http:\/\/folhadosudeste.com\/site\/wp-content\/uploads\/2016\/07\/DSC07608.jpg\"><img loading=\"lazy\" decoding=\"async\" class=\"aligncenter wp-image-23712 size-full\" src=\"http:\/\/folhadosudeste.com\/site\/wp-content\/uploads\/2016\/07\/DSC07608.jpg\" alt=\"DSC07608\" width=\"800\" height=\"533\" srcset=\"http:\/\/folhadosudeste.com\/site\/wp-content\/uploads\/2016\/07\/DSC07608.jpg 800w, http:\/\/folhadosudeste.com\/site\/wp-content\/uploads\/2016\/07\/DSC07608-300x199.jpg 300w\" sizes=\"auto, (max-width: 800px) 100vw, 800px\" \/><\/a><\/p>\n<p>Foi realizada no Colina Country Club, no \u00faltimo s\u00e1bado (23), a cerim\u00f4nia comemorativa dos 30 anos da Loja Ma\u00e7\u00f4nica Seareiros da Paz. O evento teve um coquetel servido aos presentes, entrega de diplomas aos irm\u00e3os homenageados, pronunciamentos das autoridades ma\u00e7\u00f4nicas, foi servido um jantar e finalizado com um baile ao som da cantora Bruna Moreno.<\/p>\n<p>De acordo com Vladimir de Carvalho Gringenkov, vener\u00e1vel da Loja Ma\u00e7\u00f4nica Seareiros da Paz, comemorar 30 anos \u00e9 uma alegria imensa, motivo de muita anima\u00e7\u00e3o, ainda mais com o prest\u00edgio de v\u00e1rias lojas e convidados, pessoas maravilhosas. <em>\u201cTivemos a honra de ter a comitiva de Belo Horizonte para nos prestigiar, presentes v\u00e1rias autoridades ma\u00e7\u00f4nicas e pessoas que contribu\u00edram de forma muito grande e engrandeceram as homenagens\u201d,<\/em> explica.<\/p>\n<p>Juarez de Oliveira \u00e9 vener\u00e1vel da Loja Ma\u00e7\u00f4nica Ad Gloriam, que fica no bairro S\u00e3o Crist\u00f3v\u00e3o e \u00e9 loja m\u00e3e dos Seareiros da Paz. Para ele, o festejo foi como se fosse o anivers\u00e1rio de uma filha. <em>\u201cO trabalho feito em conjunto fica melhor, d\u00e1 mais for\u00e7a. N\u00e3o divulgamos muito o trabalho que fazemos, mas ajudamos a sociedade, cobramos dos pol\u00edticos, tudo para melhorar a comunidade. \u00c9 uma institui\u00e7\u00e3o reconhecida no mundo inteiro e reconhecemos um irm\u00e3o onde for. \u00c9 uma fam\u00edlia e procuramos tratar todos bem para que a fam\u00edlia fique unida, para uma sociedade melhor\u201d,<\/em> avalia.<\/p>\n<p>Segundo o Seren\u00edssimo Gr\u00e3o-Mestre Geraldo Eust\u00e1quio Coelho de Freitas, de Belo Horizonte, da Grande Loja Ma\u00e7\u00f4nica de Minas Gerais (fundada no dia 25 de setembro de 1927, prestes a completar 90 anos), \u00e9 muito importante que as lojas possam se interagir com a sociedade e se preocupar com os problemas dela, procurando solu\u00e7\u00f5es de forma conjunta e buscar novas perspectivas e caminhos a serem seguidos. <em>\u201cEsse \u00e9 o papel da Ma\u00e7onaria, caminhar lado a lado com a sociedade, para a constru\u00e7\u00e3o de um mundo melhor. \u00c9 muito importante e nos sentimos honrados com a oportunidade de fazer essa ora\u00e7\u00e3o. Congregamos 350 lojas sob nossa administra\u00e7\u00e3o em Minas Gerais, porque a administra\u00e7\u00e3o de cada loja \u00e9 independente. Temos a Confedera\u00e7\u00e3o das Ma\u00e7onarias Simb\u00f3licas do Brasil que congrega essas 27 grandes lojas e anualmente fazemos um encontro, sobretudo, debatendo os problemas do Brasil. Recentemente estivemos em Macei\u00f3 e ap\u00f3s o debate tivemos a Carta de Macei\u00f3 assinada em 6 de julho pelos 27 Gr\u00e3os-mestres. Fomos recebidos pelo Presidente da Rep\u00fablica, Michel Temer, e entregamos essa carta, mostramos nossa preocupa\u00e7\u00e3o. Tamb\u00e9m entreguei um projeto idealizado e estamos coordenando a n\u00edvel nacional. Isso foi marcante para n\u00f3s\u201d,<\/em> destaca.<\/p>\n<p>Para Paulo Nilson Rodrigues Sim\u00e3o, delegado regional da 44\u00aa Delegacia da Grande Loja Ma\u00e7\u00f4nica de Minas Gerais, sediada em Muria\u00e9, \u00e9 importante comemorar os 30 anos da Loja Ma\u00e7\u00f4nica Seareiros da Paz, enquanto elo da ma\u00e7onaria que representa a organiza\u00e7\u00e3o n\u00e3o-governamental mais antiga do planeta. <em>\u201cOs ensinamentos est\u00e3o voltados para os princ\u00edpios \u00e9ticos, morais e filos\u00f3ficos que cada cidad\u00e3o deve praticar em seus estudos ma\u00e7\u00f4nicos. E as perspectivas desses ensinamentos envolvem trabalhar para a melhoria do ser humano, enquanto pessoa, e a presta\u00e7\u00e3o de servi\u00e7os de benefic\u00eancia, que deve ser discreta e sem ostenta\u00e7\u00e3o, de forma que n\u00e3o venha a humilhar os mais necessitados. \u00c9 uma caridade sigilosa, j\u00e1 que a Ma\u00e7onaria n\u00e3o propaga o que faz\u201d,<\/em> completa.<\/p>\n<p><img decoding=\"async\" class=\"ngg_displayed_gallery mceItem\" src=\"http:\/\/folhadosudeste.com\/site\/index.php\/nextgen-attach_to_post\/preview\/id--23773\" alt=\"\" \/><\/p>\n","protected":false},"excerpt":{"rendered":"<p>Foi realizada no Colina Country Club, no \u00faltimo s\u00e1bado (23), a cerim\u00f4nia comemorativa dos 30 anos da Loja Ma\u00e7\u00f4nica Seareiros da Paz. O evento teve um coquetel servido aos presentes, entrega de diplomas aos irm\u00e3os homenageados, pronunciamentos das autoridades ma\u00e7\u00f4nicas, foi servido um jantar e finalizado com um baile ao som da cantora Bruna Moreno. [&hellip;]<\/p>\n","protected":false},"author":6,"featured_media":23712,"comment_status":"open","ping_status":"closed","sticky":false,"template":"","format":"standard","meta":{"_joinchat":[],"footnotes":""},"categories":[1],"tags":[],"class_list":["post-23711","post","type-post","status-publish","format-standard","has-post-thumbnail","hentry","category-sem-categoria"],"_links":{"self":[{"href":"http:\/\/folhadosudeste.com\/site\/index.php?rest_route=\/wp\/v2\/posts\/23711","targetHints":{"allow":["GET"]}}],"collection":[{"href":"http:\/\/folhadosudeste.com\/site\/index.php?rest_route=\/wp\/v2\/posts"}],"about":[{"href":"http:\/\/folhadosudeste.com\/site\/index.php?rest_route=\/wp\/v2\/types\/post"}],"author":[{"embeddable":true,"href":"http:\/\/folhadosudeste.com\/site\/index.php?rest_route=\/wp\/v2\/users\/6"}],"replies":[{"embeddable":true,"href":"http:\/\/folhadosudeste.com\/site\/index.php?rest_route=%2Fwp%2Fv2%2Fcomments&post=23711"}],"version-history":[{"count":1,"href":"http:\/\/folhadosudeste.com\/site\/index.php?rest_route=\/wp\/v2\/posts\/23711\/revisions"}],"predecessor-version":[{"id":23774,"href":"http:\/\/folhadosudeste.com\/site\/index.php?rest_route=\/wp\/v2\/posts\/23711\/revisions\/23774"}],"wp:featuredmedia":[{"embeddable":true,"href":"http:\/\/folhadosudeste.com\/site\/index.php?rest_route=\/wp\/v2\/media\/23712"}],"wp:attachment":[{"href":"http:\/\/folhadosudeste.com\/site\/index.php?rest_route=%2Fwp%2Fv2%2Fmedia&parent=23711"}],"wp:term":[{"taxonomy":"category","embeddable":true,"href":"http:\/\/folhadosudeste.com\/site\/index.php?rest_route=%2Fwp%2Fv2%2Fcategories&post=23711"},{"taxonomy":"post_tag","embeddable":true,"href":"http:\/\/folhadosudeste.com\/site\/index.php?rest_route=%2Fwp%2Fv2%2Ftags&post=23711"}],"curies":[{"name":"wp","href":"https:\/\/api.w.org\/{rel}","templated":true}]}}