{"id":23810,"date":"2016-07-29T13:11:51","date_gmt":"2016-07-29T13:11:51","guid":{"rendered":"http:\/\/folhadosudeste.com\/site\/?p=23810"},"modified":"2016-07-29T13:11:51","modified_gmt":"2016-07-29T13:11:51","slug":"comemoracao-dos-30-anos-do-sindicato-dos-trabalhadores-rurais-de-muriae-barao-do-monte-alto-e-rosario-da-limeira-e-dia-do-trabalhador-rural","status":"publish","type":"post","link":"http:\/\/folhadosudeste.com\/site\/?p=23810","title":{"rendered":"Comemora\u00e7\u00e3o dos 30 anos do Sindicato dos Trabalhadores Rurais de Muria\u00e9, Bar\u00e3o do Monte Alto e Ros\u00e1rio da Limeira e Dia do Trabalhador Rural"},"content":{"rendered":"<p><a href=\"http:\/\/folhadosudeste.com\/site\/wp-content\/uploads\/2016\/07\/DSC_0412.jpg\"><img loading=\"lazy\" decoding=\"async\" class=\"aligncenter wp-image-23811 size-full\" src=\"http:\/\/folhadosudeste.com\/site\/wp-content\/uploads\/2016\/07\/DSC_0412.jpg\" alt=\"DSC_0412\" width=\"800\" height=\"533\" srcset=\"http:\/\/folhadosudeste.com\/site\/wp-content\/uploads\/2016\/07\/DSC_0412.jpg 800w, http:\/\/folhadosudeste.com\/site\/wp-content\/uploads\/2016\/07\/DSC_0412-300x199.jpg 300w\" sizes=\"auto, (max-width: 800px) 100vw, 800px\" \/><\/a><\/p>\n<p>O \u00faltimo final de semana foi de muita festa em nossa regi\u00e3o. Foi realizada uma dupla comemora\u00e7\u00e3o: os 30 anos do Sindicato dos Trabalhadores Rurais de Muria\u00e9, Bar\u00e3o do Monte Alto e Ros\u00e1rio da Limeira e o Dia do Trabalhador Rural, em comemora\u00e7\u00e3o antecipada, j\u00e1 que a data oficial \u00e9 dia 25 de julho, que caiu na segunda feira. O evento foi uma parceria com o Sindicato dos Trabalhadores Rurais de Miradouro e a comunidade de S\u00e3o Sebasti\u00e3o da Vargem Alegre. As festividades iniciaram na sexta-feira (22) em Pedra Alta,(Belis\u00e1rio), no Centro Multi Uso, mas a confraterniza\u00e7\u00e3o maior aconteceu no domingo (24), come\u00e7ando com um caf\u00e9 da manh\u00e3, a Santa Missa presidida por Frei Gilberto e um almo\u00e7o comunit\u00e1rio, al\u00e9m do Concurso Leiteiro.<\/p>\n<p>Al\u00edpio Teodoro foi fundador do Sindicato em 1986, junto aos demais representantes das comunidades. Eles formaram um grupo e come\u00e7aram a fazer as reuni\u00f5es, decidindo formar a categoria: o Sindicato dos Trabalhadores Rurais de Muria\u00e9, Bar\u00e3o do Monte Alto e Ros\u00e1rio da Limeira. <em>\u201cJ\u00e1 tem 30 anos e continuo colaborando com o Sindicato, dando minha contribui\u00e7\u00e3o como representante de comunidade. As demandas s\u00e3o diferentes com rela\u00e7\u00e3o \u00e0s d\u00e9cadas passadas, mas o Sindicato continua avan\u00e7ando muito, com um grande crescimento. \u00c9 uma satisfa\u00e7\u00e3o ver a juventude participando, como trabalhador mais consciente\u201d,<\/em> afirma.<\/p>\n<p>Segundo Dalberto Luiz, presidente do Sindicato, a festa \u00e9 muito importante, pois o trabalhador rural \u00e9 de grande import\u00e2ncia para todo o Brasil, conforme comprovam os dados estat\u00edsticos. Para ele, \u00e9 hora de refletir sobre o que temos, tendo em vista o momento dif\u00edcil pelo qual o pa\u00eds est\u00e1 passando. <em>\u201cTemos que festejar, mas ficar atentos tamb\u00e9m. O evento a cada ano acontece em um lugar diferente, este ano foi escolhida a Pedra Alta. Tudo foi organizado pela comunidade e temos uma parceria muito boa\u201d,<\/em> destaca.<\/p>\n<p>O presidente da Cresol Fervedouro, Jo\u00e3o Paulo Dias da Fonseca, explica que a cooperativa de cr\u00e9dito que lidera \u00e9 fruto do trabalho do Sindicato dos Trabalhadores, perante a necessidade dos agricultores, na iniciativa de criar uma institui\u00e7\u00e3o em que se possa proporcionar a capta\u00e7\u00e3o de recursos e ao mesmo tempo disponibiliz\u00e1-los. <em>\u201c\u00c9 uma conquista da luta dos movimentos sindicais de nossa regi\u00e3o. Esse \u00e9 um momento muito oportuno em que devemos agradecer por todas as conquistas e mobilizar as pessoas, principalmente neste momento de crise do pa\u00eds\u201d, <\/em>complementa.<\/p>\n<p>Ant\u00f4nio Carlos Bagle (Carlinhos do Sindicato) tamb\u00e9m refor\u00e7a a import\u00e2ncia da festa, ilustrando a trajet\u00f3ria de 30 anos do Sindicato, fundado na \u00e9poca com muitas dificuldades e com demandas crescentes dos direitos dos trabalhadores, sendo muitas na \u00e9poca da funda\u00e7\u00e3o. <em>\u201cHoje o Sindicato vem dando for\u00e7a para outras entidades, deu origem \u00e0 Cresol e refor\u00e7ando sua relev\u00e2ncia. Sabemos que 70% dos alimentos da mesa da popula\u00e7\u00e3o brasileira v\u00eam da agricultura familiar, os outros v\u00eam do agroneg\u00f3cio. \u00c9 importante manter o homem na \u00e1rea rural para que os agricultores tenham um melhor projeto de vida\u201d, <\/em>acrescenta.<\/p>\n<p>Vanderlei Antonio Chilese parabenizou o Sindicato pela comemora\u00e7\u00e3o de uma data t\u00e3o importante e os trabalhadores pela import\u00e2ncia exercendo suas fun\u00e7\u00f5es. <em>\u201cParab\u00e9ns a essa institui\u00e7\u00e3o que atende sempre de portas abertas. N\u00f3s da Federa\u00e7\u00e3o fazemos quest\u00e3o de estar presentes, pois sem o trabalhador n\u00e3o h\u00e1 Sindicato. \u00c9 o conjunto dessas entidades que proporciona uma melhor institui\u00e7\u00e3o\u201d,<\/em> explica.<\/p>\n<p>Para Isa\u00edas Cl\u00f3ves, o in\u00edcio do trabalho do Sindicato foi em 1986, mas hoje em dia vemos muitos frutos colhidos. <em>\u201cPercebemos que a agricultura familiar \u00e9 o que mais d\u00e1 emprego no pa\u00eds, \u00e9 o que sustenta a economia. H\u00e1 algum tempo n\u00e3o era dado seu devido valor, mas tivemos os movimentos sociais com nossa luta\u201d, <\/em>analisa.<\/p>\n<p>Por sua vez, o Frei Gilberto Teixeira explica que cada ano \u00e9 uma alegria poder celebrar a data e agradecer pelo trabalho e pela for\u00e7a do trabalhador rural, agradecendo a Deus e refletindo nossa hist\u00f3ria. <em>\u201cVemos muitas pr\u00e1ticas agr\u00edcolas, mas estamos de fato agredindo muito o meio ambiente. \u00c9 importante ter uma alimenta\u00e7\u00e3o mais saud\u00e1vel e todos sabemos disso. Celebramos e comemoramos essa data somando for\u00e7as, tanto o Sindicato de Muria\u00e9 como o de Miradouro\u201d,<\/em> finaliza.<\/p>\n<p><img decoding=\"async\" class=\"ngg_displayed_gallery mceItem\" src=\"http:\/\/folhadosudeste.com\/site\/index.php\/nextgen-attach_to_post\/preview\/id--23848\" alt=\"\" \/><\/p>\n","protected":false},"excerpt":{"rendered":"<p>O \u00faltimo final de semana foi de muita festa em nossa regi\u00e3o. Foi realizada uma dupla comemora\u00e7\u00e3o: os 30 anos do Sindicato dos Trabalhadores Rurais de Muria\u00e9, Bar\u00e3o do Monte Alto e Ros\u00e1rio da Limeira e o Dia do Trabalhador Rural, em comemora\u00e7\u00e3o antecipada, j\u00e1 que a data oficial \u00e9 dia 25 de julho, que [&hellip;]<\/p>\n","protected":false},"author":6,"featured_media":23811,"comment_status":"open","ping_status":"closed","sticky":false,"template":"","format":"standard","meta":{"_joinchat":[],"footnotes":""},"categories":[1],"tags":[],"class_list":["post-23810","post","type-post","status-publish","format-standard","has-post-thumbnail","hentry","category-sem-categoria"],"_links":{"self":[{"href":"http:\/\/folhadosudeste.com\/site\/index.php?rest_route=\/wp\/v2\/posts\/23810","targetHints":{"allow":["GET"]}}],"collection":[{"href":"http:\/\/folhadosudeste.com\/site\/index.php?rest_route=\/wp\/v2\/posts"}],"about":[{"href":"http:\/\/folhadosudeste.com\/site\/index.php?rest_route=\/wp\/v2\/types\/post"}],"author":[{"embeddable":true,"href":"http:\/\/folhadosudeste.com\/site\/index.php?rest_route=\/wp\/v2\/users\/6"}],"replies":[{"embeddable":true,"href":"http:\/\/folhadosudeste.com\/site\/index.php?rest_route=%2Fwp%2Fv2%2Fcomments&post=23810"}],"version-history":[{"count":1,"href":"http:\/\/folhadosudeste.com\/site\/index.php?rest_route=\/wp\/v2\/posts\/23810\/revisions"}],"predecessor-version":[{"id":23849,"href":"http:\/\/folhadosudeste.com\/site\/index.php?rest_route=\/wp\/v2\/posts\/23810\/revisions\/23849"}],"wp:featuredmedia":[{"embeddable":true,"href":"http:\/\/folhadosudeste.com\/site\/index.php?rest_route=\/wp\/v2\/media\/23811"}],"wp:attachment":[{"href":"http:\/\/folhadosudeste.com\/site\/index.php?rest_route=%2Fwp%2Fv2%2Fmedia&parent=23810"}],"wp:term":[{"taxonomy":"category","embeddable":true,"href":"http:\/\/folhadosudeste.com\/site\/index.php?rest_route=%2Fwp%2Fv2%2Fcategories&post=23810"},{"taxonomy":"post_tag","embeddable":true,"href":"http:\/\/folhadosudeste.com\/site\/index.php?rest_route=%2Fwp%2Fv2%2Ftags&post=23810"}],"curies":[{"name":"wp","href":"https:\/\/api.w.org\/{rel}","templated":true}]}}