{"id":24205,"date":"2016-08-05T14:32:46","date_gmt":"2016-08-05T14:32:46","guid":{"rendered":"http:\/\/folhadosudeste.com\/site\/?p=24205"},"modified":"2016-08-05T14:32:46","modified_gmt":"2016-08-05T14:32:46","slug":"sindicato-dos-servidores-publicos-de-muriae-e-regiao-realiza-festa-julhina-e-inaugura-salao-de-convencoes","status":"publish","type":"post","link":"http:\/\/folhadosudeste.com\/site\/?p=24205","title":{"rendered":"Sindicato dos Servidores P\u00fablicos de Muria\u00e9 e Regi\u00e3o, realiza Festa Julhina e inaugura Sal\u00e3o de Conven\u00e7\u00f5es"},"content":{"rendered":"<p><a href=\"http:\/\/folhadosudeste.com\/site\/wp-content\/uploads\/2016\/08\/DSC_0294.jpg\"><img loading=\"lazy\" decoding=\"async\" class=\"aligncenter wp-image-24206 size-full\" src=\"http:\/\/folhadosudeste.com\/site\/wp-content\/uploads\/2016\/08\/DSC_0294.jpg\" alt=\"DSC_0294\" width=\"800\" height=\"533\" srcset=\"http:\/\/folhadosudeste.com\/site\/wp-content\/uploads\/2016\/08\/DSC_0294.jpg 800w, http:\/\/folhadosudeste.com\/site\/wp-content\/uploads\/2016\/08\/DSC_0294-300x199.jpg 300w\" sizes=\"auto, (max-width: 800px) 100vw, 800px\" \/><\/a><\/p>\n<p>O Sal\u00e3o de Conven\u00e7\u00f5es do Sindicato dos Servidores P\u00fablicos de Muria\u00e9 e Regi\u00e3o foi inaugurado no \u00faltimo s\u00e1bado (30), no terceiro e \u00faltimo andar. O presidente do Sindicato, Ronaldo Alvarenga, junto com sua equipe, familiares e servidores municipais, compartilharam a alegria da inaugura\u00e7\u00e3o oficial da obra, com espa\u00e7o para 200 pessoas. Eles aproveitaram para celebrar a 1\u00aa Festa Julhina da entidade. Segundo presidente, Ronaldo Alvarenga, esse Sal\u00e3o de Conven\u00e7\u00f5es abre um leque de oportunidades para o servidor municipal e sua fam\u00edlia. <em>\u201cMuitos eventos vir\u00e3o para o enriquecimento do mesmo, inclusive eu e minha equipe j\u00e1 estamos olhando diversos projetos para acontecerem neste espa\u00e7o, estamos tamb\u00e9m abertos a sugest\u00f5es que possam contribuir para o crescimento profissional e social dos servidores e seus familiares\u201d. <\/em>Ronaldo destacou a satisfa\u00e7\u00e3o em festejar com os servidores e seus familiares durante essa 1\u00aa Festa Julhina. <em>\u201cProgramamos um evento com muita variedade de comidas e bebidas t\u00edpicas, tudo muito a vontade e em ambiente familiar. As crian\u00e7as puderam se divertir nos brinquedos, na pescaria, nas barracas e se deliciar com as guloseimas. J\u00e1 os adultos puderam curtir a boa m\u00fasica do conjunto Toinzim do Acordeon tocando um Forr\u00f3 P\u00e9 de Serra. Enfim, buscamos levar o melhor aos associados\u201d,<\/em> completa.<\/p>\n<p>A advogada Z\u00e9lia Couri refor\u00e7ou a alegria que cada um tem de ter participado da hist\u00f3ria do Sindicato, iniciada 13 anos atr\u00e1s, que envolve muito amor e dedica\u00e7\u00e3o. Ela lembra que o \u00f3rg\u00e3o funcionava em uma pequena sala alugada no Ros\u00e1rio, come\u00e7ando a luta em favor de suas melhorias, cobrando do munic\u00edpio novas oportunidades e as contribui\u00e7\u00f5es devidas. A sede tamb\u00e9m funcionou em uma casa alugada na Rua Olavo Tostes e a base foi sendo ampliada e, com as reuni\u00f5es, a representatividade na regi\u00e3o melhorou muito. Surgiu a possibilidade de escolha, cedida pela Prefeitura de Muria\u00e9, de um novo lugar para suas instala\u00e7\u00f5es e o escolhido, dentre as poss\u00edveis op\u00e7\u00f5es, foi o terreno em que se encontra atualmente, onde foi constru\u00eddo, pr\u00f3ximo a feira do Produtor Rural e tamb\u00e9m da Cisleste. <em>\u201cAs alegrias vieram em conseq\u00fc\u00eancia de um \u00e1rduo trabalho. O sonho se transformou em realidade, legitimando e buscando outros direitos dos servidores a cada dia e atuando sempre com muito carinho em prol da classe defendida. Ainda h\u00e1 muito o que fazer, mas temos muito que comemorar, principalmente esse Sal\u00e3o de Conven\u00e7\u00f5es, um espa\u00e7o bel\u00edssimo que serve para edificar ainda mais nossa categoria e trazer orgulho a todos. Estou muito emocionada e satisfeita\u201d,<\/em> explica.<\/p>\n<p>O presidente Ronaldo Alvarenga, sempre cuidando da parte administrativa e buscando atender os interesses da classe, conforme necessidade identificada. Sobre o Sal\u00e3o de Conven\u00e7\u00f5es, ele destaca que foi uma excelente conquista, que pode ajudar o servidor a freq\u00fcentar ainda mais o Sindicato, que \u00e9 a sua segunda casa.<\/p>\n<p><img decoding=\"async\" class=\"ngg_displayed_gallery mceItem\" src=\"http:\/\/folhadosudeste.com\/site\/index.php\/nextgen-attach_to_post\/preview\/id--24243\" alt=\"\" \/><\/p>\n","protected":false},"excerpt":{"rendered":"<p>O Sal\u00e3o de Conven\u00e7\u00f5es do Sindicato dos Servidores P\u00fablicos de Muria\u00e9 e Regi\u00e3o foi inaugurado no \u00faltimo s\u00e1bado (30), no terceiro e \u00faltimo andar. O presidente do Sindicato, Ronaldo Alvarenga, junto com sua equipe, familiares e servidores municipais, compartilharam a alegria da inaugura\u00e7\u00e3o oficial da obra, com espa\u00e7o para 200 pessoas. Eles aproveitaram para celebrar [&hellip;]<\/p>\n","protected":false},"author":6,"featured_media":24206,"comment_status":"open","ping_status":"closed","sticky":false,"template":"","format":"standard","meta":{"_joinchat":[],"footnotes":""},"categories":[1],"tags":[],"class_list":["post-24205","post","type-post","status-publish","format-standard","has-post-thumbnail","hentry","category-sem-categoria"],"_links":{"self":[{"href":"http:\/\/folhadosudeste.com\/site\/index.php?rest_route=\/wp\/v2\/posts\/24205","targetHints":{"allow":["GET"]}}],"collection":[{"href":"http:\/\/folhadosudeste.com\/site\/index.php?rest_route=\/wp\/v2\/posts"}],"about":[{"href":"http:\/\/folhadosudeste.com\/site\/index.php?rest_route=\/wp\/v2\/types\/post"}],"author":[{"embeddable":true,"href":"http:\/\/folhadosudeste.com\/site\/index.php?rest_route=\/wp\/v2\/users\/6"}],"replies":[{"embeddable":true,"href":"http:\/\/folhadosudeste.com\/site\/index.php?rest_route=%2Fwp%2Fv2%2Fcomments&post=24205"}],"version-history":[{"count":1,"href":"http:\/\/folhadosudeste.com\/site\/index.php?rest_route=\/wp\/v2\/posts\/24205\/revisions"}],"predecessor-version":[{"id":24244,"href":"http:\/\/folhadosudeste.com\/site\/index.php?rest_route=\/wp\/v2\/posts\/24205\/revisions\/24244"}],"wp:featuredmedia":[{"embeddable":true,"href":"http:\/\/folhadosudeste.com\/site\/index.php?rest_route=\/wp\/v2\/media\/24206"}],"wp:attachment":[{"href":"http:\/\/folhadosudeste.com\/site\/index.php?rest_route=%2Fwp%2Fv2%2Fmedia&parent=24205"}],"wp:term":[{"taxonomy":"category","embeddable":true,"href":"http:\/\/folhadosudeste.com\/site\/index.php?rest_route=%2Fwp%2Fv2%2Fcategories&post=24205"},{"taxonomy":"post_tag","embeddable":true,"href":"http:\/\/folhadosudeste.com\/site\/index.php?rest_route=%2Fwp%2Fv2%2Ftags&post=24205"}],"curies":[{"name":"wp","href":"https:\/\/api.w.org\/{rel}","templated":true}]}}