{"id":24838,"date":"2016-08-19T12:36:56","date_gmt":"2016-08-19T12:36:56","guid":{"rendered":"http:\/\/folhadosudeste.com\/site\/?p=24838"},"modified":"2016-08-19T12:39:39","modified_gmt":"2016-08-19T12:39:39","slug":"monte-alverne-vence-o-campeonato-amador-municipal-de-2016-da-ama","status":"publish","type":"post","link":"http:\/\/folhadosudeste.com\/site\/?p=24838","title":{"rendered":"Monte Alverne vence o Campeonato Amador Municipal de 2016 da AMA"},"content":{"rendered":"<p style=\"text-align: justify;\"><a href=\"http:\/\/folhadosudeste.com\/site\/wp-content\/uploads\/2016\/08\/AMA.jpeg\"><img loading=\"lazy\" decoding=\"async\" class=\"aligncenter size-full wp-image-24839\" src=\"http:\/\/folhadosudeste.com\/site\/wp-content\/uploads\/2016\/08\/AMA.jpeg\" alt=\"AMA\" width=\"620\" height=\"325\" srcset=\"http:\/\/folhadosudeste.com\/site\/wp-content\/uploads\/2016\/08\/AMA.jpeg 620w, http:\/\/folhadosudeste.com\/site\/wp-content\/uploads\/2016\/08\/AMA-300x157.jpeg 300w\" sizes=\"auto, (max-width: 620px) 100vw, 620px\" \/><\/a><\/p>\n<p style=\"text-align: justify;\">Monte Alverne e Golad\u00e3o protagonizaram uma grande e inesquec\u00edvel partida, v\u00e1lida pela final do Campeonato Amador Municipal de 2016, no campo da Associa\u00e7\u00e3o Miradourense de Atletismo (AMA), em Miradouro, no Domingo dos Pais (14\/08). A torcida estava pronta para uma emocionante partida, mal sabiam que o Monte Alverne sairia vitorioso com seus jogadores Alessandro, Andr\u00e9, Ailton, Gilberto, Hellyanderson, Halenilton, Hamilton, Hedyleison, Leandro, Leomir, Marcos, Jo\u00e3o Pereira, Jo\u00e3o Paulo, Valdeci, Vanderlei, Valdir e Vaner.<\/p>\n<p style=\"text-align: justify;\">Saiba mais na edi\u00e7\u00e3o 722 do Folha do Sudeste<\/p>\n<p style=\"text-align: justify;\"><img decoding=\"async\" class=\"ngg_displayed_gallery mceItem\" src=\"http:\/\/folhadosudeste.com\/site\/index.php\/nextgen-attach_to_post\/preview\/id--24840\" alt=\"\" \/><\/p>\n","protected":false},"excerpt":{"rendered":"<p>Monte Alverne e Golad\u00e3o protagonizaram uma grande e inesquec\u00edvel partida, v\u00e1lida pela final do Campeonato Amador Municipal de 2016, no campo da Associa\u00e7\u00e3o Miradourense de Atletismo (AMA), em Miradouro, no Domingo dos Pais (14\/08). A torcida estava pronta para uma emocionante partida, mal sabiam que o Monte Alverne sairia vitorioso com seus jogadores Alessandro, Andr\u00e9, [&hellip;]<\/p>\n","protected":false},"author":2,"featured_media":24839,"comment_status":"open","ping_status":"closed","sticky":false,"template":"","format":"standard","meta":{"_joinchat":[],"footnotes":""},"categories":[1],"tags":[],"class_list":["post-24838","post","type-post","status-publish","format-standard","has-post-thumbnail","hentry","category-sem-categoria"],"_links":{"self":[{"href":"http:\/\/folhadosudeste.com\/site\/index.php?rest_route=\/wp\/v2\/posts\/24838","targetHints":{"allow":["GET"]}}],"collection":[{"href":"http:\/\/folhadosudeste.com\/site\/index.php?rest_route=\/wp\/v2\/posts"}],"about":[{"href":"http:\/\/folhadosudeste.com\/site\/index.php?rest_route=\/wp\/v2\/types\/post"}],"author":[{"embeddable":true,"href":"http:\/\/folhadosudeste.com\/site\/index.php?rest_route=\/wp\/v2\/users\/2"}],"replies":[{"embeddable":true,"href":"http:\/\/folhadosudeste.com\/site\/index.php?rest_route=%2Fwp%2Fv2%2Fcomments&post=24838"}],"version-history":[{"count":2,"href":"http:\/\/folhadosudeste.com\/site\/index.php?rest_route=\/wp\/v2\/posts\/24838\/revisions"}],"predecessor-version":[{"id":24846,"href":"http:\/\/folhadosudeste.com\/site\/index.php?rest_route=\/wp\/v2\/posts\/24838\/revisions\/24846"}],"wp:featuredmedia":[{"embeddable":true,"href":"http:\/\/folhadosudeste.com\/site\/index.php?rest_route=\/wp\/v2\/media\/24839"}],"wp:attachment":[{"href":"http:\/\/folhadosudeste.com\/site\/index.php?rest_route=%2Fwp%2Fv2%2Fmedia&parent=24838"}],"wp:term":[{"taxonomy":"category","embeddable":true,"href":"http:\/\/folhadosudeste.com\/site\/index.php?rest_route=%2Fwp%2Fv2%2Fcategories&post=24838"},{"taxonomy":"post_tag","embeddable":true,"href":"http:\/\/folhadosudeste.com\/site\/index.php?rest_route=%2Fwp%2Fv2%2Ftags&post=24838"}],"curies":[{"name":"wp","href":"https:\/\/api.w.org\/{rel}","templated":true}]}}