{"id":24842,"date":"2016-08-19T12:39:11","date_gmt":"2016-08-19T12:39:11","guid":{"rendered":"http:\/\/folhadosudeste.com\/site\/?p=24842"},"modified":"2016-08-19T12:39:11","modified_gmt":"2016-08-19T12:39:11","slug":"apae-comemora-a-semana-nacional-da-pessoa-com-deficiencia-intelectual-e-multipla","status":"publish","type":"post","link":"http:\/\/folhadosudeste.com\/site\/?p=24842","title":{"rendered":"APAE comemora a Semana Nacional da Pessoa com Defici\u00eancia Intelectual e M\u00faltipla"},"content":{"rendered":"<p style=\"text-align: justify;\"><a href=\"http:\/\/folhadosudeste.com\/site\/wp-content\/uploads\/2016\/08\/APAE.jpg\"><img loading=\"lazy\" decoding=\"async\" class=\"aligncenter size-full wp-image-24843\" src=\"http:\/\/folhadosudeste.com\/site\/wp-content\/uploads\/2016\/08\/APAE.jpg\" alt=\"APAE\" width=\"620\" height=\"307\" srcset=\"http:\/\/folhadosudeste.com\/site\/wp-content\/uploads\/2016\/08\/APAE.jpg 620w, http:\/\/folhadosudeste.com\/site\/wp-content\/uploads\/2016\/08\/APAE-300x148.jpg 300w\" sizes=\"auto, (max-width: 620px) 100vw, 620px\" \/><\/a><\/p>\n<p style=\"text-align: justify;\">Entre os dias 21 e 28 de agosto, a APAE comemora a Semana Nacional da Pessoa com Defici\u00eancia Intelectual e M\u00faltipla, com o tema \u2018O futuro se faz com a conscientiza\u00e7\u00e3o das diferen\u00e7as\u2019. Na segunda (22\/08), na parte da manh\u00e3, ser\u00e1 realizada a passeata pelas ruas principais da cidade, enquanto \u00e0 tarde acontece a \u2018Conta\u00e7\u00e3o de Hist\u00f3ria\u2019 com a equipe do SESC. J\u00e1 na ter\u00e7a (23\/08), pela manh\u00e3, a equipe do TEA (Transtorno do Espectro do Autismo) da APAE de Muria\u00e9 promove a \u2018Capacita\u00e7\u00e3o Sobre Autismo\u2019 na APAE Espera Feliz.<\/p>\n<p style=\"text-align: justify;\">Saiba mais na edi\u00e7\u00e3o 722 do Folha do Sudeste<\/p>\n<p style=\"text-align: justify;\"><img decoding=\"async\" class=\"ngg_displayed_gallery mceItem\" src=\"http:\/\/folhadosudeste.com\/site\/index.php\/nextgen-attach_to_post\/preview\/id--24844\" alt=\"\" \/><\/p>\n<p style=\"text-align: justify;\">\n<p style=\"text-align: justify;\">\n","protected":false},"excerpt":{"rendered":"<p>Entre os dias 21 e 28 de agosto, a APAE comemora a Semana Nacional da Pessoa com Defici\u00eancia Intelectual e M\u00faltipla, com o tema \u2018O futuro se faz com a conscientiza\u00e7\u00e3o das diferen\u00e7as\u2019. Na segunda (22\/08), na parte da manh\u00e3, ser\u00e1 realizada a passeata pelas ruas principais da cidade, enquanto \u00e0 tarde acontece a \u2018Conta\u00e7\u00e3o [&hellip;]<\/p>\n","protected":false},"author":2,"featured_media":24843,"comment_status":"open","ping_status":"closed","sticky":false,"template":"","format":"standard","meta":{"_joinchat":[],"footnotes":""},"categories":[1],"tags":[],"class_list":["post-24842","post","type-post","status-publish","format-standard","has-post-thumbnail","hentry","category-sem-categoria"],"_links":{"self":[{"href":"http:\/\/folhadosudeste.com\/site\/index.php?rest_route=\/wp\/v2\/posts\/24842","targetHints":{"allow":["GET"]}}],"collection":[{"href":"http:\/\/folhadosudeste.com\/site\/index.php?rest_route=\/wp\/v2\/posts"}],"about":[{"href":"http:\/\/folhadosudeste.com\/site\/index.php?rest_route=\/wp\/v2\/types\/post"}],"author":[{"embeddable":true,"href":"http:\/\/folhadosudeste.com\/site\/index.php?rest_route=\/wp\/v2\/users\/2"}],"replies":[{"embeddable":true,"href":"http:\/\/folhadosudeste.com\/site\/index.php?rest_route=%2Fwp%2Fv2%2Fcomments&post=24842"}],"version-history":[{"count":1,"href":"http:\/\/folhadosudeste.com\/site\/index.php?rest_route=\/wp\/v2\/posts\/24842\/revisions"}],"predecessor-version":[{"id":24845,"href":"http:\/\/folhadosudeste.com\/site\/index.php?rest_route=\/wp\/v2\/posts\/24842\/revisions\/24845"}],"wp:featuredmedia":[{"embeddable":true,"href":"http:\/\/folhadosudeste.com\/site\/index.php?rest_route=\/wp\/v2\/media\/24843"}],"wp:attachment":[{"href":"http:\/\/folhadosudeste.com\/site\/index.php?rest_route=%2Fwp%2Fv2%2Fmedia&parent=24842"}],"wp:term":[{"taxonomy":"category","embeddable":true,"href":"http:\/\/folhadosudeste.com\/site\/index.php?rest_route=%2Fwp%2Fv2%2Fcategories&post=24842"},{"taxonomy":"post_tag","embeddable":true,"href":"http:\/\/folhadosudeste.com\/site\/index.php?rest_route=%2Fwp%2Fv2%2Ftags&post=24842"}],"curies":[{"name":"wp","href":"https:\/\/api.w.org\/{rel}","templated":true}]}}