{"id":24847,"date":"2016-08-19T12:41:08","date_gmt":"2016-08-19T12:41:08","guid":{"rendered":"http:\/\/folhadosudeste.com\/site\/?p=24847"},"modified":"2016-08-19T12:41:08","modified_gmt":"2016-08-19T12:41:08","slug":"muita-emocao-na-disputa-da-corrida-da-fogueira","status":"publish","type":"post","link":"http:\/\/folhadosudeste.com\/site\/?p=24847","title":{"rendered":"Muita emo\u00e7\u00e3o na disputa da Corrida da Fogueira"},"content":{"rendered":"<p style=\"text-align: justify;\"><a href=\"http:\/\/folhadosudeste.com\/site\/wp-content\/uploads\/2016\/08\/CORRIDA-DA-FOGUEIRA.jpg\"><img loading=\"lazy\" decoding=\"async\" class=\"aligncenter size-full wp-image-24848\" src=\"http:\/\/folhadosudeste.com\/site\/wp-content\/uploads\/2016\/08\/CORRIDA-DA-FOGUEIRA.jpg\" alt=\"CORRIDA DA FOGUEIRA\" width=\"620\" height=\"266\" srcset=\"http:\/\/folhadosudeste.com\/site\/wp-content\/uploads\/2016\/08\/CORRIDA-DA-FOGUEIRA.jpg 620w, http:\/\/folhadosudeste.com\/site\/wp-content\/uploads\/2016\/08\/CORRIDA-DA-FOGUEIRA-300x128.jpg 300w\" sizes=\"auto, (max-width: 620px) 100vw, 620px\" \/><\/a><\/p>\n<p style=\"text-align: justify;\">No domingo (14), foi realizada em Muria\u00e9 a 60\u00aa edi\u00e7\u00e3o da Corrida da Fogueira. A concentra\u00e7\u00e3o aconteceu na Pra\u00e7a Jo\u00e3o Pinheiro, com a largada para o percurso de 8 km. Tamb\u00e9m teve a categoria \u2018Corrida dos Gar\u00e7ons\u2019. A premia\u00e7\u00e3o foi em trof\u00e9us, medalhas e dinheiro para os vencedores de cada categoria.<\/p>\n<p style=\"text-align: justify;\">Saiba mais na edi\u00e7\u00e3o 722 do Folha do Sudeste<\/p>\n<p style=\"text-align: justify;\"><img decoding=\"async\" class=\"ngg_displayed_gallery mceItem\" src=\"http:\/\/folhadosudeste.com\/site\/index.php\/nextgen-attach_to_post\/preview\/id--24849\" alt=\"\" \/><\/p>\n","protected":false},"excerpt":{"rendered":"<p>No domingo (14), foi realizada em Muria\u00e9 a 60\u00aa edi\u00e7\u00e3o da Corrida da Fogueira. A concentra\u00e7\u00e3o aconteceu na Pra\u00e7a Jo\u00e3o Pinheiro, com a largada para o percurso de 8 km. Tamb\u00e9m teve a categoria \u2018Corrida dos Gar\u00e7ons\u2019. A premia\u00e7\u00e3o foi em trof\u00e9us, medalhas e dinheiro para os vencedores de cada categoria. Saiba mais na edi\u00e7\u00e3o [&hellip;]<\/p>\n","protected":false},"author":2,"featured_media":24848,"comment_status":"open","ping_status":"closed","sticky":false,"template":"","format":"standard","meta":{"_joinchat":[],"footnotes":""},"categories":[1],"tags":[],"class_list":["post-24847","post","type-post","status-publish","format-standard","has-post-thumbnail","hentry","category-sem-categoria"],"_links":{"self":[{"href":"http:\/\/folhadosudeste.com\/site\/index.php?rest_route=\/wp\/v2\/posts\/24847","targetHints":{"allow":["GET"]}}],"collection":[{"href":"http:\/\/folhadosudeste.com\/site\/index.php?rest_route=\/wp\/v2\/posts"}],"about":[{"href":"http:\/\/folhadosudeste.com\/site\/index.php?rest_route=\/wp\/v2\/types\/post"}],"author":[{"embeddable":true,"href":"http:\/\/folhadosudeste.com\/site\/index.php?rest_route=\/wp\/v2\/users\/2"}],"replies":[{"embeddable":true,"href":"http:\/\/folhadosudeste.com\/site\/index.php?rest_route=%2Fwp%2Fv2%2Fcomments&post=24847"}],"version-history":[{"count":1,"href":"http:\/\/folhadosudeste.com\/site\/index.php?rest_route=\/wp\/v2\/posts\/24847\/revisions"}],"predecessor-version":[{"id":24850,"href":"http:\/\/folhadosudeste.com\/site\/index.php?rest_route=\/wp\/v2\/posts\/24847\/revisions\/24850"}],"wp:featuredmedia":[{"embeddable":true,"href":"http:\/\/folhadosudeste.com\/site\/index.php?rest_route=\/wp\/v2\/media\/24848"}],"wp:attachment":[{"href":"http:\/\/folhadosudeste.com\/site\/index.php?rest_route=%2Fwp%2Fv2%2Fmedia&parent=24847"}],"wp:term":[{"taxonomy":"category","embeddable":true,"href":"http:\/\/folhadosudeste.com\/site\/index.php?rest_route=%2Fwp%2Fv2%2Fcategories&post=24847"},{"taxonomy":"post_tag","embeddable":true,"href":"http:\/\/folhadosudeste.com\/site\/index.php?rest_route=%2Fwp%2Fv2%2Ftags&post=24847"}],"curies":[{"name":"wp","href":"https:\/\/api.w.org\/{rel}","templated":true}]}}