{"id":24864,"date":"2016-08-19T12:46:56","date_gmt":"2016-08-19T12:46:56","guid":{"rendered":"http:\/\/folhadosudeste.com\/site\/?p=24864"},"modified":"2016-08-19T12:46:56","modified_gmt":"2016-08-19T12:46:56","slug":"associacao-dos-surdos-de-muriae-asm-realizou-nesse-final-de-semana-a-quarta-edicao-de-libras-na-praca-joao-pinheiro","status":"publish","type":"post","link":"http:\/\/folhadosudeste.com\/site\/?p=24864","title":{"rendered":"Associa\u00e7\u00e3o dos Surdos de Muria\u00e9 \u2013 ASM realizou nesse final de semana a Quarta Edi\u00e7\u00e3o de Libras na Pra\u00e7a Jo\u00e3o Pinheiro"},"content":{"rendered":"<p style=\"text-align: justify;\"><a href=\"http:\/\/folhadosudeste.com\/site\/wp-content\/uploads\/2016\/08\/DSC_0302.jpg\"><img loading=\"lazy\" decoding=\"async\" class=\"aligncenter size-full wp-image-24865\" src=\"http:\/\/folhadosudeste.com\/site\/wp-content\/uploads\/2016\/08\/DSC_0302.jpg\" alt=\"DSC_0302\" width=\"620\" height=\"317\" srcset=\"http:\/\/folhadosudeste.com\/site\/wp-content\/uploads\/2016\/08\/DSC_0302.jpg 620w, http:\/\/folhadosudeste.com\/site\/wp-content\/uploads\/2016\/08\/DSC_0302-300x153.jpg 300w\" sizes=\"auto, (max-width: 620px) 100vw, 620px\" \/><\/a><\/p>\n<p style=\"text-align: justify;\">A Associa\u00e7\u00e3o dos Surdos de Muria\u00e9- ASM realizou nesse s\u00e1bado a quarta edi\u00e7\u00e3o do evento &#8220;Libras na Pra\u00e7a&#8221;. O evento contou com a participa\u00e7\u00e3o dos alunos do curso b\u00e1sico realizado pela ASM. Al\u00e9m das apresenta\u00e7\u00f5es foram realizadas as pr\u00e9 inscri\u00e7\u00f5es para o curso do\u00a0 2 semestre. O curso ter\u00e1 in\u00edcio no dia 20\/08 das 14h as 16h30, na Escola Dr. Silveira Brum. A matr\u00edcula, no valor de R$ 40,00, poder\u00e1 ser feita nesse dia.<\/p>\n<p style=\"text-align: justify;\">Saiba mais na edi\u00e7\u00e3o 722 do Folha do Sudeste<\/p>\n<p style=\"text-align: justify;\"><img decoding=\"async\" class=\"ngg_displayed_gallery mceItem\" src=\"http:\/\/folhadosudeste.com\/site\/index.php\/nextgen-attach_to_post\/preview\/id--24866\" alt=\"\" \/><\/p>\n","protected":false},"excerpt":{"rendered":"<p>A Associa\u00e7\u00e3o dos Surdos de Muria\u00e9- ASM realizou nesse s\u00e1bado a quarta edi\u00e7\u00e3o do evento &#8220;Libras na Pra\u00e7a&#8221;. O evento contou com a participa\u00e7\u00e3o dos alunos do curso b\u00e1sico realizado pela ASM. Al\u00e9m das apresenta\u00e7\u00f5es foram realizadas as pr\u00e9 inscri\u00e7\u00f5es para o curso do\u00a0 2 semestre. O curso ter\u00e1 in\u00edcio no dia 20\/08 das 14h [&hellip;]<\/p>\n","protected":false},"author":2,"featured_media":24865,"comment_status":"open","ping_status":"closed","sticky":false,"template":"","format":"standard","meta":{"_joinchat":[],"footnotes":""},"categories":[1],"tags":[],"class_list":["post-24864","post","type-post","status-publish","format-standard","has-post-thumbnail","hentry","category-sem-categoria"],"_links":{"self":[{"href":"http:\/\/folhadosudeste.com\/site\/index.php?rest_route=\/wp\/v2\/posts\/24864","targetHints":{"allow":["GET"]}}],"collection":[{"href":"http:\/\/folhadosudeste.com\/site\/index.php?rest_route=\/wp\/v2\/posts"}],"about":[{"href":"http:\/\/folhadosudeste.com\/site\/index.php?rest_route=\/wp\/v2\/types\/post"}],"author":[{"embeddable":true,"href":"http:\/\/folhadosudeste.com\/site\/index.php?rest_route=\/wp\/v2\/users\/2"}],"replies":[{"embeddable":true,"href":"http:\/\/folhadosudeste.com\/site\/index.php?rest_route=%2Fwp%2Fv2%2Fcomments&post=24864"}],"version-history":[{"count":1,"href":"http:\/\/folhadosudeste.com\/site\/index.php?rest_route=\/wp\/v2\/posts\/24864\/revisions"}],"predecessor-version":[{"id":24867,"href":"http:\/\/folhadosudeste.com\/site\/index.php?rest_route=\/wp\/v2\/posts\/24864\/revisions\/24867"}],"wp:featuredmedia":[{"embeddable":true,"href":"http:\/\/folhadosudeste.com\/site\/index.php?rest_route=\/wp\/v2\/media\/24865"}],"wp:attachment":[{"href":"http:\/\/folhadosudeste.com\/site\/index.php?rest_route=%2Fwp%2Fv2%2Fmedia&parent=24864"}],"wp:term":[{"taxonomy":"category","embeddable":true,"href":"http:\/\/folhadosudeste.com\/site\/index.php?rest_route=%2Fwp%2Fv2%2Fcategories&post=24864"},{"taxonomy":"post_tag","embeddable":true,"href":"http:\/\/folhadosudeste.com\/site\/index.php?rest_route=%2Fwp%2Fv2%2Ftags&post=24864"}],"curies":[{"name":"wp","href":"https:\/\/api.w.org\/{rel}","templated":true}]}}