{"id":24936,"date":"2016-08-26T13:51:43","date_gmt":"2016-08-26T13:51:43","guid":{"rendered":"http:\/\/folhadosudeste.com\/site\/?p=24936"},"modified":"2016-08-26T13:51:43","modified_gmt":"2016-08-26T13:51:43","slug":"conheca-um-pouco-da-historia-da-instituicao-muriaeense-lar-ozanam","status":"publish","type":"post","link":"http:\/\/folhadosudeste.com\/site\/?p=24936","title":{"rendered":"Conhe\u00e7a um pouco da hist\u00f3ria da institui\u00e7\u00e3o muriaeense Lar Ozanam"},"content":{"rendered":"<p><a href=\"http:\/\/folhadosudeste.com\/site\/wp-content\/uploads\/2016\/08\/LAR-OZANAM.jpg\"><img loading=\"lazy\" decoding=\"async\" class=\"aligncenter wp-image-24937 size-full\" src=\"http:\/\/folhadosudeste.com\/site\/wp-content\/uploads\/2016\/08\/LAR-OZANAM.jpg\" alt=\"LAR OZANAM\" width=\"620\" height=\"268\" srcset=\"http:\/\/folhadosudeste.com\/site\/wp-content\/uploads\/2016\/08\/LAR-OZANAM.jpg 620w, http:\/\/folhadosudeste.com\/site\/wp-content\/uploads\/2016\/08\/LAR-OZANAM-300x129.jpg 300w\" sizes=\"auto, (max-width: 620px) 100vw, 620px\" \/><\/a><\/p>\n<p>A Obra Unida Lar Ozanam, \u00e9 uma institui\u00e7\u00e3o sem fins lucrativos, de utilidade p\u00fablica, com forma\u00e7\u00e3o pautada na ess\u00eancia vicentina, beneficente, caritativa, com objetivo da pr\u00e1tica da caridade crist\u00e3 no campo da assist\u00eancia social e da promo\u00e7\u00e3o humana, especialmente no abrigo e cuidado das pessoas idosas, criada pela Sociedade S\u00e3o Vicente de Paulo (SSVP) h\u00e1 mais de 50 anos, todavia, somente foi oficialmente constitu\u00edda em 25 de outubro 1992.<\/p>\n<p>A institui\u00e7\u00e3o oferta toda a assist\u00eancia necess\u00e1ria ao acolhimento e desenvolvimento saud\u00e1vel do idoso, incluindo alojamentos triplos, com banheiro, 6 refei\u00e7\u00f5es di\u00e1rias, assist\u00eancia religiosa, vestu\u00e1rio, higiene pessoal, lazer, tudo acompanhado por cuidadores de idosos, enfermeiro, assist\u00eancia social, fisioterapeuta, psic\u00f3loga, nutricionista, farmac\u00eautica, e assessoria\u00a0 jur\u00eddica.<\/p>\n<p>Colaboram com a entidade 28 funcion\u00e1rios, entre eles: Diretor, Administrador, Psic\u00f3loga, Assistente Social, Farmac\u00eautica, Nutricionista, Assessora Jur\u00eddica, Contador, Motorista, Enfermeiro, T\u00e9cnico de Enfermagem, Cuidador de Idoso, Auxiliar de Manuten\u00e7\u00e3o, Auxiliar de Servi\u00e7os Gerais, Lavadeira, Cozinheira, Auxiliar de Cozinha, e 4 prestadores de servi\u00e7os, que j\u00e1 est\u00e3o inseridos entre as fun\u00e7\u00f5es citadas.<\/p>\n<p>O Lar conta tamb\u00e9m com servi\u00e7os volunt\u00e1rios, como cabeleireira, preparador f\u00edsico, atividades recreativas (como bingo e conta\u00e7\u00e3o de hist\u00f3rias), lanches especiais uma vez na semana e visitas de grupos religiosos.<\/p>\n<p>As demandas do Lar Ozanam se d\u00e3o a partir de solicita\u00e7\u00f5es de vagas para idosos a partir de familiares, encaminhamentos pelo CRAS, CREAS, NASF, PSFs e Minist\u00e9rio Publico. Ap\u00f3s as solicita\u00e7\u00f5es, s\u00e3o realizadas visitas domiciliares pela equipe t\u00e9cnica, composta por enfermeiro, assistente social e psic\u00f3loga. A idade m\u00ednima para ser acolhido \u00e9 60 anos, conforme determina o Estatuto do Idoso, levando sempre em considera\u00e7\u00e3o o risco social ao qual ele est\u00e1 submetido, assist\u00eancia de familiares e estado de sa\u00fade.<\/p>\n<p>O gerente administrativo do Lar Ozanam, Mayco Wembley Barbosa Lima, cita as palavras do Papa Francisco: <em>\u201cComo ser crist\u00e3o e ver o seu irm\u00e3o aflito, sem chorar com ele?! \u00c9 permanecer sem caridade, \u00e9 ser crist\u00e3o de pintura, \u00e9 n\u00e3o possuir nada de humanidade, \u00e9 ser pior que os animais\u201d e completa: \u201cNossa exist\u00eancia est\u00e1 vinculada \u00e0 caridade. Sem nossos parceiros seria imposs\u00edvel cumprir a miss\u00e3o desta casa. Juntos, somos fortes e podemos ofertar qualidade de vida \u00e0queles que mais precisam de n\u00f3s. A todos os volunt\u00e1rios, doadores, parceiros, nossa gratid\u00e3o. Voc\u00eas s\u00e3o respons\u00e1veis por ofertar o c\u00e9u na terra aos mais necessitados, aconchego no momento de dificuldade, colo aos nossos idosos. A alegria de servir ao pr\u00f3ximo transborda o cora\u00e7\u00e3o e inunda a alma. Aos que n\u00e3o conhecem nosso trabalho, fica nosso convite. Venham participar conosco dessa nobre causa, fazer a diferen\u00e7a na vida daqueles que clamam por aten\u00e7\u00e3o. Sua ajuda \u00e9 bem vinda\u201d,<\/em> destaca.<\/p>\n<p>Atualmente as maiores necessidades da institui\u00e7\u00e3o s\u00e3o: a\u00e7\u00facar, leite, feij\u00e3o e fraldas geri\u00e1tricas tamanho G. A visita pode ser feita todos os dias no hor\u00e1rio de 14h \u00e1s 16h. Mais informa\u00e7\u00f5es pelo telefone 32 3722-4367.<\/p>\n<p><img decoding=\"async\" class=\"ngg_displayed_gallery mceItem\" src=\"http:\/\/folhadosudeste.com\/site\/index.php\/nextgen-attach_to_post\/preview\/id--24946\" alt=\"\" \/><\/p>\n","protected":false},"excerpt":{"rendered":"<p>A Obra Unida Lar Ozanam, \u00e9 uma institui\u00e7\u00e3o sem fins lucrativos, de utilidade p\u00fablica, com forma\u00e7\u00e3o pautada na ess\u00eancia vicentina, beneficente, caritativa, com objetivo da pr\u00e1tica da caridade crist\u00e3 no campo da assist\u00eancia social e da promo\u00e7\u00e3o humana, especialmente no abrigo e cuidado das pessoas idosas, criada pela Sociedade S\u00e3o Vicente de Paulo (SSVP) h\u00e1 [&hellip;]<\/p>\n","protected":false},"author":6,"featured_media":24937,"comment_status":"open","ping_status":"closed","sticky":false,"template":"","format":"standard","meta":{"_joinchat":[],"footnotes":""},"categories":[1],"tags":[],"class_list":["post-24936","post","type-post","status-publish","format-standard","has-post-thumbnail","hentry","category-sem-categoria"],"_links":{"self":[{"href":"http:\/\/folhadosudeste.com\/site\/index.php?rest_route=\/wp\/v2\/posts\/24936","targetHints":{"allow":["GET"]}}],"collection":[{"href":"http:\/\/folhadosudeste.com\/site\/index.php?rest_route=\/wp\/v2\/posts"}],"about":[{"href":"http:\/\/folhadosudeste.com\/site\/index.php?rest_route=\/wp\/v2\/types\/post"}],"author":[{"embeddable":true,"href":"http:\/\/folhadosudeste.com\/site\/index.php?rest_route=\/wp\/v2\/users\/6"}],"replies":[{"embeddable":true,"href":"http:\/\/folhadosudeste.com\/site\/index.php?rest_route=%2Fwp%2Fv2%2Fcomments&post=24936"}],"version-history":[{"count":1,"href":"http:\/\/folhadosudeste.com\/site\/index.php?rest_route=\/wp\/v2\/posts\/24936\/revisions"}],"predecessor-version":[{"id":24947,"href":"http:\/\/folhadosudeste.com\/site\/index.php?rest_route=\/wp\/v2\/posts\/24936\/revisions\/24947"}],"wp:featuredmedia":[{"embeddable":true,"href":"http:\/\/folhadosudeste.com\/site\/index.php?rest_route=\/wp\/v2\/media\/24937"}],"wp:attachment":[{"href":"http:\/\/folhadosudeste.com\/site\/index.php?rest_route=%2Fwp%2Fv2%2Fmedia&parent=24936"}],"wp:term":[{"taxonomy":"category","embeddable":true,"href":"http:\/\/folhadosudeste.com\/site\/index.php?rest_route=%2Fwp%2Fv2%2Fcategories&post=24936"},{"taxonomy":"post_tag","embeddable":true,"href":"http:\/\/folhadosudeste.com\/site\/index.php?rest_route=%2Fwp%2Fv2%2Ftags&post=24936"}],"curies":[{"name":"wp","href":"https:\/\/api.w.org\/{rel}","templated":true}]}}