{"id":25071,"date":"2016-09-02T11:47:43","date_gmt":"2016-09-02T11:47:43","guid":{"rendered":"http:\/\/folhadosudeste.com\/site\/?p=25071"},"modified":"2016-09-02T11:47:43","modified_gmt":"2016-09-02T11:47:43","slug":"18o-cha-da-amizade-da-comunidade-sao-francisco-de-assis","status":"publish","type":"post","link":"http:\/\/folhadosudeste.com\/site\/?p=25071","title":{"rendered":"18\u00ba Ch\u00e1 da Amizade da Comunidade S\u00e3o Francisco de Assis"},"content":{"rendered":"<p><a href=\"http:\/\/folhadosudeste.com\/site\/wp-content\/uploads\/2016\/09\/CH\u00c1-DA-AMIZADE.jpg\"><img loading=\"lazy\" decoding=\"async\" class=\"aligncenter wp-image-25072 size-full\" src=\"http:\/\/folhadosudeste.com\/site\/wp-content\/uploads\/2016\/09\/CH\u00c1-DA-AMIZADE.jpg\" alt=\"CH\u00c1 DA AMIZADE\" width=\"620\" height=\"362\" srcset=\"http:\/\/folhadosudeste.com\/site\/wp-content\/uploads\/2016\/09\/CH\u00c1-DA-AMIZADE.jpg 620w, http:\/\/folhadosudeste.com\/site\/wp-content\/uploads\/2016\/09\/CH\u00c1-DA-AMIZADE-300x175.jpg 300w\" sizes=\"auto, (max-width: 620px) 100vw, 620px\" \/><\/a><\/p>\n<p>A Comunidade S\u00e3o Francisco de Assis realizou, em sua sede (bairro S\u00e3o Francisco), na tarde do \u00faltimo s\u00e1bado (27), a 18\u00aa edi\u00e7\u00e3o do Ch\u00e1 da Amizade, com a participa\u00e7\u00e3o de aproximadamente 220 pessoas. O p\u00fablico se deliciou com os ch\u00e1s, biscoitos, tortas, chocolate, etc. Segundo Jos\u00e9 \u00c2ngelo Vardiero Nery, membro da Comunidade S\u00e3o Francisco de Assis, a id\u00e9ia do evento surgiu perante a necessidade de fazer alguma a\u00e7\u00e3o beneficente e assim se consolidou, tornando tradi\u00e7\u00e3o, a cada ano fazendo em prol de alguma benfeitoria. <em>\u201cTrata-se tamb\u00e9m de uma confraterniza\u00e7\u00e3o, t\u00e3o importante quanto \u00e0 arrecada\u00e7\u00e3o. Temos um encontro de membros da comunidade e visitantes de outras. Este ano, vamos melhorar nosso som, colocar uma aparelhagem melhor. Foi muito bom e nossas expectativas foram superadas. Agradecemos primeiramente a Deus e a todos que nos ajudaram direta ou indiretamente para que esse evento fosse poss\u00edvel de acontecer. Felizmente, temos uma comunidade bem unida\u201d,<\/em> explica. O pr\u00f3ximo evento ser\u00e1 em outubro, a Festa de S\u00e3o Francisco de Assis, nos dias 1\u00ba, 2, 3 e 4, \u00a0est\u00e3o todos convidados a participarem conosco.<\/p>\n<p><img decoding=\"async\" class=\"ngg_displayed_gallery mceItem\" src=\"http:\/\/folhadosudeste.com\/site\/index.php\/nextgen-attach_to_post\/preview\/id--25083\" alt=\"\" \/><\/p>\n","protected":false},"excerpt":{"rendered":"<p>A Comunidade S\u00e3o Francisco de Assis realizou, em sua sede (bairro S\u00e3o Francisco), na tarde do \u00faltimo s\u00e1bado (27), a 18\u00aa edi\u00e7\u00e3o do Ch\u00e1 da Amizade, com a participa\u00e7\u00e3o de aproximadamente 220 pessoas. O p\u00fablico se deliciou com os ch\u00e1s, biscoitos, tortas, chocolate, etc. Segundo Jos\u00e9 \u00c2ngelo Vardiero Nery, membro da Comunidade S\u00e3o Francisco de [&hellip;]<\/p>\n","protected":false},"author":6,"featured_media":25072,"comment_status":"open","ping_status":"closed","sticky":false,"template":"","format":"standard","meta":{"_joinchat":[],"footnotes":""},"categories":[1],"tags":[],"class_list":["post-25071","post","type-post","status-publish","format-standard","has-post-thumbnail","hentry","category-sem-categoria"],"_links":{"self":[{"href":"http:\/\/folhadosudeste.com\/site\/index.php?rest_route=\/wp\/v2\/posts\/25071","targetHints":{"allow":["GET"]}}],"collection":[{"href":"http:\/\/folhadosudeste.com\/site\/index.php?rest_route=\/wp\/v2\/posts"}],"about":[{"href":"http:\/\/folhadosudeste.com\/site\/index.php?rest_route=\/wp\/v2\/types\/post"}],"author":[{"embeddable":true,"href":"http:\/\/folhadosudeste.com\/site\/index.php?rest_route=\/wp\/v2\/users\/6"}],"replies":[{"embeddable":true,"href":"http:\/\/folhadosudeste.com\/site\/index.php?rest_route=%2Fwp%2Fv2%2Fcomments&post=25071"}],"version-history":[{"count":1,"href":"http:\/\/folhadosudeste.com\/site\/index.php?rest_route=\/wp\/v2\/posts\/25071\/revisions"}],"predecessor-version":[{"id":25084,"href":"http:\/\/folhadosudeste.com\/site\/index.php?rest_route=\/wp\/v2\/posts\/25071\/revisions\/25084"}],"wp:featuredmedia":[{"embeddable":true,"href":"http:\/\/folhadosudeste.com\/site\/index.php?rest_route=\/wp\/v2\/media\/25072"}],"wp:attachment":[{"href":"http:\/\/folhadosudeste.com\/site\/index.php?rest_route=%2Fwp%2Fv2%2Fmedia&parent=25071"}],"wp:term":[{"taxonomy":"category","embeddable":true,"href":"http:\/\/folhadosudeste.com\/site\/index.php?rest_route=%2Fwp%2Fv2%2Fcategories&post=25071"},{"taxonomy":"post_tag","embeddable":true,"href":"http:\/\/folhadosudeste.com\/site\/index.php?rest_route=%2Fwp%2Fv2%2Ftags&post=25071"}],"curies":[{"name":"wp","href":"https:\/\/api.w.org\/{rel}","templated":true}]}}