{"id":25113,"date":"2016-09-02T11:54:13","date_gmt":"2016-09-02T11:54:13","guid":{"rendered":"http:\/\/folhadosudeste.com\/site\/?p=25113"},"modified":"2016-09-02T11:54:13","modified_gmt":"2016-09-02T11:54:13","slug":"escola-sao-paulo-realiza-fantastica-manha-literaria","status":"publish","type":"post","link":"http:\/\/folhadosudeste.com\/site\/?p=25113","title":{"rendered":"Escola S\u00e3o Paulo realiza fant\u00e1stica Manh\u00e3 Liter\u00e1ria"},"content":{"rendered":"<p><a href=\"http:\/\/folhadosudeste.com\/site\/wp-content\/uploads\/2016\/09\/ESP.jpg\"><img loading=\"lazy\" decoding=\"async\" class=\"aligncenter wp-image-25114 size-full\" src=\"http:\/\/folhadosudeste.com\/site\/wp-content\/uploads\/2016\/09\/ESP.jpg\" alt=\"ESP\" width=\"620\" height=\"335\" srcset=\"http:\/\/folhadosudeste.com\/site\/wp-content\/uploads\/2016\/09\/ESP.jpg 620w, http:\/\/folhadosudeste.com\/site\/wp-content\/uploads\/2016\/09\/ESP-300x162.jpg 300w\" sizes=\"auto, (max-width: 620px) 100vw, 620px\" \/><\/a><\/p>\n<p>A Escola S\u00e3o Paulo (ESP), promoveu, na manh\u00e3 do \u00faltimo s\u00e1bado (27), mais uma edi\u00e7\u00e3o da Manh\u00e3 Liter\u00e1ria \u2013 Um Espet\u00e1culo Liter\u00e1rio, com o tema H\u00e1bito de Ler \u2013 uma fonte inesgot\u00e1vel de cultura e saber. Os alunos utilizaram imagina\u00e7\u00e3o, criatividade, organiza\u00e7\u00e3o e objetividade para expor o conte\u00fado que trabalharam. Cada turma apresentou seu trabalho com grande efici\u00eancia, encantando os professores, pais e familiares, que prestigiaram as demonstra\u00e7\u00f5es.<\/p>\n<p>Segundo Marilia Aparecida Gomes Vital Oliveira, professora de L\u00edngua Portuguesa e Reda\u00e7\u00e3o (turmas do 6\u00ba e 7\u00ba ano), o primeiro conceito \u00e9 passar para os estudantes o quanto a literatura \u00e9 importante e necess\u00e1ria em nossas vidas, pois atrav\u00e9s dela conseguimos resolver muitos problemas que temos. <em>\u201cProcuramos passar isso para eles, de forma que possamos conhecer novos conceitos e ideias. Essa manh\u00e3 proporcionou isso, essa necessidade de estar sempre lendo, em constante busca pela literatura. A tecnologia tamb\u00e9m ajuda nas pesquisas que eles necessitam, mas \u00e9 preciso fazer um bom uso dela. Acho que os trabalhos foram fant\u00e1sticos, muito bem preparados, provando o valor da Literatura\u201d, <\/em>explica.<\/p>\n<p>Camila Prado Almeida, tamb\u00e9m professora de Portugu\u00eas e Reda\u00e7\u00e3o, acredita que esse \u00e9 um projeto muito importante, provando que a literatura \u00e9 fundamental para o conhecimento. <em>\u201cCom ela, podemos formar seres humanos mais cr\u00edticos. Torna-se fundamental em todas as \u00e1reas, em um processo de constru\u00e7\u00e3o do aprendizado\u201d,<\/em> acrescenta.<\/p>\n<p>Para a supervisora pedag\u00f3gica, M\u00e1rcia Murta (usando as palavras de Bill Gates)&#8230; \u00e9 importante que nossos filhos tenham computadores, mas tamb\u00e9m bons livros, pois, sem leitura, eles ser\u00e3o incapazes de escrever, inclusive, a pr\u00f3pria hist\u00f3ria e acrescenta: <em>\u201cPrecisamos ter o h\u00e1bito cotidiano de ler not\u00edcias, reportagens, situar-se na sociedade atrav\u00e9s das fontes liter\u00e1rias da leitura. Fica assim registrado tamb\u00e9m o brilhante trabalho dos professores e seus alunos. Est\u00e3o todos de parab\u00e9ns\u201d. <\/em>Os alunos tamb\u00e9m se expressaram:<\/p>\n<p>A aluna do 8\u00ba ano B, Ana L\u00facia de Castro Mansur, explicou que sua turma escolheu a autora \u2018Ad\u00e9lia Prado\u2019 como forma de valorizar a literatura mineira, falando tamb\u00e9m sobre o papel da mulher na sociedade. <em>\u201cEla foi uma grande mulher no meio de muitos autores homens. Decidimos coloc\u00e1-la para expressar o sentimento feminino. Ela fala muito sobre religi\u00e3o e est\u00e1vamos abordando esse assunto durante o ano, ent\u00e3o a escolhemos para representar nossa turma. Decidimos sair um pouco da formalidade para algo mais descontra\u00eddo, falando de suas m\u00fasicas e interagindo mais com as pessoas\u201d,<\/em> completa.<\/p>\n<p>J\u00e1 Ana Marta Knupp Castro, estudante do no 3\u00b0 ano (Turma dos Formandos), explicou que seu trabalho teve como tema o \u2018Tropicalismo\u2019, movimento que surgiu no final da d\u00e9cada de 1960, tendo como maiores representantes Caetano Veloso, Gilberto Gil, Gal Costa, Bethania, Chico Buarque, entre outros. Ela lembra que o marco inicial foi o Festival da Can\u00e7\u00e3o, promovida pela TV Record, em 1967, e os artistas usavam burcas para expressar sua cr\u00edtica contra o regime da Ditadura Militar, vivenciado na \u00e9poca. <em>\u201cSurgiram muitos movimentos como esse e eles queriam liberdade de express\u00e3o. Isso movimentou os jovens da \u00e9poca, para revolucionar a cultura, objetivando o fim da Ditadura. Nossa turma \u00e9 muito unida, ent\u00e3o nos reunimos e conseguimos fazer um trabalho bem legal\u201d,<\/em> completa.<\/p>\n<p>Daniela Cardoso Rodrigues dos Reis, m\u00e3e do aluno Pedro Reis, do 7\u00b0 ano \u2018B\u2019, avalia positivamente a realiza\u00e7\u00e3o da Manh\u00e3 Liter\u00e1ria, com grande import\u00e2ncia para as crian\u00e7as, adolescentes e jovens, pois estimula a leitura. <em>\u201cAcabamos aprendendo sobre autoras que nem conhec\u00edamos, com obras voltadas a cada faixa et\u00e1ria, utilizando o universo do jovem, a transi\u00e7\u00e3o da adolesc\u00eancia para a juventude. \u00c9 uma fase muito importante e \u00e9 bom ter sempre um livro para ajudar os alunos at\u00e9 mesmo a enfrentar os conflitos do dia a dia. O espa\u00e7o ficou muito lindo, uma boa forma de proporcionar a intera\u00e7\u00e3o entre fam\u00edlia, aluno e escola\u201d,<\/em> completa.<\/p>\n<p>O diretor Jos\u00e9 Nicodemos Couto mostrou sua satisfa\u00e7\u00e3o com mais um evento de sucesso da Escola S\u00e3o Paulo. <em>\u201cFoi mais uma oportunidade que tivemos de ultrapassar os limites da sala de aula e proporcionar aos alunos a busca pelo conhecimento. Eles mais uma vez se superaram e conseguiram trazer um conte\u00fado de qualidade, tanto em material quanto na forma de express\u00e3o. Agradecemos \u00e0s fam\u00edlias por nos prestigiarem em mais esse momento e pela confian\u00e7a no trabalho que desempenhamos com seus filhos\u201d, <\/em>finaliza.<\/p>\n<p><img decoding=\"async\" class=\"ngg_displayed_gallery mceItem\" src=\"http:\/\/folhadosudeste.com\/site\/index.php\/nextgen-attach_to_post\/preview\/id--25153\" alt=\"\" \/><\/p>\n","protected":false},"excerpt":{"rendered":"<p>A Escola S\u00e3o Paulo (ESP), promoveu, na manh\u00e3 do \u00faltimo s\u00e1bado (27), mais uma edi\u00e7\u00e3o da Manh\u00e3 Liter\u00e1ria \u2013 Um Espet\u00e1culo Liter\u00e1rio, com o tema H\u00e1bito de Ler \u2013 uma fonte inesgot\u00e1vel de cultura e saber. Os alunos utilizaram imagina\u00e7\u00e3o, criatividade, organiza\u00e7\u00e3o e objetividade para expor o conte\u00fado que trabalharam. Cada turma apresentou seu trabalho [&hellip;]<\/p>\n","protected":false},"author":6,"featured_media":25114,"comment_status":"open","ping_status":"closed","sticky":false,"template":"","format":"standard","meta":{"_joinchat":[],"footnotes":""},"categories":[1],"tags":[],"class_list":["post-25113","post","type-post","status-publish","format-standard","has-post-thumbnail","hentry","category-sem-categoria"],"_links":{"self":[{"href":"http:\/\/folhadosudeste.com\/site\/index.php?rest_route=\/wp\/v2\/posts\/25113","targetHints":{"allow":["GET"]}}],"collection":[{"href":"http:\/\/folhadosudeste.com\/site\/index.php?rest_route=\/wp\/v2\/posts"}],"about":[{"href":"http:\/\/folhadosudeste.com\/site\/index.php?rest_route=\/wp\/v2\/types\/post"}],"author":[{"embeddable":true,"href":"http:\/\/folhadosudeste.com\/site\/index.php?rest_route=\/wp\/v2\/users\/6"}],"replies":[{"embeddable":true,"href":"http:\/\/folhadosudeste.com\/site\/index.php?rest_route=%2Fwp%2Fv2%2Fcomments&post=25113"}],"version-history":[{"count":1,"href":"http:\/\/folhadosudeste.com\/site\/index.php?rest_route=\/wp\/v2\/posts\/25113\/revisions"}],"predecessor-version":[{"id":25154,"href":"http:\/\/folhadosudeste.com\/site\/index.php?rest_route=\/wp\/v2\/posts\/25113\/revisions\/25154"}],"wp:featuredmedia":[{"embeddable":true,"href":"http:\/\/folhadosudeste.com\/site\/index.php?rest_route=\/wp\/v2\/media\/25114"}],"wp:attachment":[{"href":"http:\/\/folhadosudeste.com\/site\/index.php?rest_route=%2Fwp%2Fv2%2Fmedia&parent=25113"}],"wp:term":[{"taxonomy":"category","embeddable":true,"href":"http:\/\/folhadosudeste.com\/site\/index.php?rest_route=%2Fwp%2Fv2%2Fcategories&post=25113"},{"taxonomy":"post_tag","embeddable":true,"href":"http:\/\/folhadosudeste.com\/site\/index.php?rest_route=%2Fwp%2Fv2%2Ftags&post=25113"}],"curies":[{"name":"wp","href":"https:\/\/api.w.org\/{rel}","templated":true}]}}