{"id":25181,"date":"2016-09-02T12:05:54","date_gmt":"2016-09-02T12:05:54","guid":{"rendered":"http:\/\/folhadosudeste.com\/site\/?p=25181"},"modified":"2016-09-02T12:05:54","modified_gmt":"2016-09-02T12:05:54","slug":"ieq-sede-realiza-congresso-de-diaconato-da-regiao-415","status":"publish","type":"post","link":"http:\/\/folhadosudeste.com\/site\/?p=25181","title":{"rendered":"IEQ Sede realiza Congresso de Diaconato da Regi\u00e3o 415"},"content":{"rendered":"<p><a href=\"http:\/\/folhadosudeste.com\/site\/wp-content\/uploads\/2016\/09\/IEQ-DIACONATO.jpg\"><img loading=\"lazy\" decoding=\"async\" class=\"aligncenter wp-image-25182 size-full\" src=\"http:\/\/folhadosudeste.com\/site\/wp-content\/uploads\/2016\/09\/IEQ-DIACONATO.jpg\" alt=\"IEQ DIACONATO\" width=\"620\" height=\"239\" srcset=\"http:\/\/folhadosudeste.com\/site\/wp-content\/uploads\/2016\/09\/IEQ-DIACONATO.jpg 620w, http:\/\/folhadosudeste.com\/site\/wp-content\/uploads\/2016\/09\/IEQ-DIACONATO-300x115.jpg 300w\" sizes=\"auto, (max-width: 620px) 100vw, 620px\" \/><\/a><\/p>\n<p>Foi realizado, na IEQ Sede, na tarde do \u00faltimo s\u00e1bado (27), o Encontro de Diaconato, evento que acontece anualmente, com grande participa\u00e7\u00e3o dos irm\u00e3os do Minist\u00e9rio Quadrangular da Regi\u00e3o 415, para Honra e Gl\u00f3ria do Senhor. Os pregadores \u00a0foram Rev. Wilson Reis (l\u00edder regional da IEQ) e o convidado Pr. Valteir (titular da IEQ S\u00e3o Crist\u00f3v\u00e3o). Durante o congresso, foram apresentadas pe\u00e7as teatrais, falando sobre o Diaconato, bem como entoados c\u00e2nticos de adora\u00e7\u00e3o a Deus pelas maravilhas que proporciona nas vidas e lares das pessoas.<\/p>\n<p>Para o coordenador da Regi\u00e3o 415, Jos\u00e9 Roberto Moreira Souza, desde o in\u00edcio do ano havia essa expectativa de realizar o evento, finalmente consolidado. <em>\u201cFoi um trabalho maravilhoso, uma b\u00ean\u00e7\u00e3o com as palavras, mensagens e a quantidade de irm\u00e3os presentes. O objetivo \u00e9 servir a Deus e zelar pelas obras do Senhor, sem interrup\u00e7\u00e3o. Tivemos um n\u00famero muito bom de participantes, ent\u00e3o foi muito v\u00e1lido. Esse foi o primeiro congresso desse ano, o segundo acontecer\u00e1 em Leopoldina\u201d,<\/em> completa.<\/p>\n<p><img decoding=\"async\" class=\"ngg_displayed_gallery mceItem\" src=\"http:\/\/folhadosudeste.com\/site\/index.php\/nextgen-attach_to_post\/preview\/id--25209\" alt=\"\" \/><\/p>\n","protected":false},"excerpt":{"rendered":"<p>Foi realizado, na IEQ Sede, na tarde do \u00faltimo s\u00e1bado (27), o Encontro de Diaconato, evento que acontece anualmente, com grande participa\u00e7\u00e3o dos irm\u00e3os do Minist\u00e9rio Quadrangular da Regi\u00e3o 415, para Honra e Gl\u00f3ria do Senhor. Os pregadores \u00a0foram Rev. Wilson Reis (l\u00edder regional da IEQ) e o convidado Pr. Valteir (titular da IEQ S\u00e3o [&hellip;]<\/p>\n","protected":false},"author":6,"featured_media":25182,"comment_status":"open","ping_status":"closed","sticky":false,"template":"","format":"standard","meta":{"_joinchat":[],"footnotes":""},"categories":[1],"tags":[],"class_list":["post-25181","post","type-post","status-publish","format-standard","has-post-thumbnail","hentry","category-sem-categoria"],"_links":{"self":[{"href":"http:\/\/folhadosudeste.com\/site\/index.php?rest_route=\/wp\/v2\/posts\/25181","targetHints":{"allow":["GET"]}}],"collection":[{"href":"http:\/\/folhadosudeste.com\/site\/index.php?rest_route=\/wp\/v2\/posts"}],"about":[{"href":"http:\/\/folhadosudeste.com\/site\/index.php?rest_route=\/wp\/v2\/types\/post"}],"author":[{"embeddable":true,"href":"http:\/\/folhadosudeste.com\/site\/index.php?rest_route=\/wp\/v2\/users\/6"}],"replies":[{"embeddable":true,"href":"http:\/\/folhadosudeste.com\/site\/index.php?rest_route=%2Fwp%2Fv2%2Fcomments&post=25181"}],"version-history":[{"count":1,"href":"http:\/\/folhadosudeste.com\/site\/index.php?rest_route=\/wp\/v2\/posts\/25181\/revisions"}],"predecessor-version":[{"id":25210,"href":"http:\/\/folhadosudeste.com\/site\/index.php?rest_route=\/wp\/v2\/posts\/25181\/revisions\/25210"}],"wp:featuredmedia":[{"embeddable":true,"href":"http:\/\/folhadosudeste.com\/site\/index.php?rest_route=\/wp\/v2\/media\/25182"}],"wp:attachment":[{"href":"http:\/\/folhadosudeste.com\/site\/index.php?rest_route=%2Fwp%2Fv2%2Fmedia&parent=25181"}],"wp:term":[{"taxonomy":"category","embeddable":true,"href":"http:\/\/folhadosudeste.com\/site\/index.php?rest_route=%2Fwp%2Fv2%2Fcategories&post=25181"},{"taxonomy":"post_tag","embeddable":true,"href":"http:\/\/folhadosudeste.com\/site\/index.php?rest_route=%2Fwp%2Fv2%2Ftags&post=25181"}],"curies":[{"name":"wp","href":"https:\/\/api.w.org\/{rel}","templated":true}]}}