{"id":25243,"date":"2016-09-02T12:12:00","date_gmt":"2016-09-02T12:12:00","guid":{"rendered":"http:\/\/folhadosudeste.com\/site\/?p=25243"},"modified":"2016-09-02T12:12:00","modified_gmt":"2016-09-02T12:12:00","slug":"loja-maconica-ad-gloriam-et-sapientiam-comemora-dia-do-macom","status":"publish","type":"post","link":"http:\/\/folhadosudeste.com\/site\/?p=25243","title":{"rendered":"Loja Ma\u00e7\u00f4nica Ad Gloriam Et Sapientiam comemora Dia do Ma\u00e7om"},"content":{"rendered":"<p><a href=\"http:\/\/folhadosudeste.com\/site\/wp-content\/uploads\/2016\/09\/MA\u00c7ONARIA.jpg\"><img loading=\"lazy\" decoding=\"async\" class=\"aligncenter wp-image-25244 size-full\" src=\"http:\/\/folhadosudeste.com\/site\/wp-content\/uploads\/2016\/09\/MA\u00c7ONARIA.jpg\" alt=\"MA\u00c7ONARIA\" width=\"620\" height=\"252\" srcset=\"http:\/\/folhadosudeste.com\/site\/wp-content\/uploads\/2016\/09\/MA\u00c7ONARIA.jpg 620w, http:\/\/folhadosudeste.com\/site\/wp-content\/uploads\/2016\/09\/MA\u00c7ONARIA-300x121.jpg 300w\" sizes=\"auto, (max-width: 620px) 100vw, 620px\" \/><\/a><\/p>\n<p>ser humano sente a necessidade de comemorar os importantes eventos em sua vida, como anivers\u00e1rio de vida, de casamento, etc. N\u00e3o diferente, os ma\u00e7ons sentiram a necessidade de comemorar sua exist\u00eancia e criaram uma data para ser marcada no calend\u00e1rio anual: o dia 20 de agosto, no Brasil. A Loja Ma\u00e7\u00f4nica Ad Gloriam Et Sapientiam n\u00ba 97 aproveitou a \u00faltima quinta (25) para festejar, em sua sede. Os irm\u00e3os levaram seus familiares e confraternizaram com um jantar e um belo e delicioso bolo como sobremesa.<\/p>\n<p>Para Juarez Tales de Oliveira, Vener\u00e1vel da Loja Ma\u00e7\u00f4nica Ad Gloriam Et Sapientiam n\u00ba 97 (atualmente com 33 irm\u00e3os), \u00e9 uma satisfa\u00e7\u00e3o muito grande pertencer \u00e0 categoria Ma\u00e7om, ter c\u00edrculos de amizade com pessoas do bem, que procuram melhorar a sociedade. Ele lembra que a Ma\u00e7onaria luta pela liberdade e consci\u00eancia, aceitando as opini\u00f5es de cada um, mesmo tendo uma \u00e9poca em que a Igreja n\u00e3o aceitava, criando um conceito errado sobre a Ma\u00e7onaria e do qual ningu\u00e9m podia discordar. Parte dessa mentalidade permanece at\u00e9 hoje, mas, aos poucos, vem sendo feito um trabalho de conscientiza\u00e7\u00e3o, mostrando o bem que a organiza\u00e7\u00e3o faz, mesmo realizando benfeitorias sem divulgar. <em>\u201cQuem est\u00e1 dentro da Ma\u00e7onaria sabe que somos uma fam\u00edlia, pessoas boas que lutam pela uni\u00e3o e com o objetivo de ajudar o pr\u00f3ximo. A maioria de n\u00f3s \u00e9 crist\u00e3o, usa a b\u00edblia. Estamos muito satisfeitos com a oportunidade de comemorar o Dia do Ma\u00e7om, o anivers\u00e1rio da loja e o Dia dos Pais, at\u00e9 porque n\u00e3o est\u00e1vamos em condi\u00e7\u00f5es de fazer uma festa para cada data. Juntamos tudo e fizemos uma simples comemora\u00e7\u00e3o. Lutamos com dificuldade e j\u00e1 estamos com um projeto de fabrica\u00e7\u00e3o de fraldas geri\u00e1tricas\u201d,<\/em> explica.<\/p>\n<p>O delegado Paulo Nilson esteve representando o Gr\u00e3o Mestre da Loja Ma\u00e7\u00f4nica de Minas Gerais, Geraldo Eust\u00e1quio Coelho de Freitas, representa\u00e7\u00e3o que se faz atrav\u00e9s da 44\u00aa Delegacia Regional. <em>\u201c\u00c9 uma honra e alegria muito grande participar dessa sess\u00e3o. Entendo que n\u00e3o foi somente uma comemora\u00e7\u00e3o, mas uma aula magna que os irm\u00e3os ministraram, dando oportunidade a todos os participantes de conhecerem um pouco mais de nossa institui\u00e7\u00e3o. A Ma\u00e7onaria quebrou muitas barreiras, muitos paradigmas e incomodou muitos poderosos. Ajudou muitas pessoas, sem fazer ostenta\u00e7\u00e3o, ent\u00e3o, existem alguns setores que ainda tentam prejudicar o nome da Ma\u00e7onaria. Mas isso n\u00e3o nos incomoda. Temos nossa consci\u00eancia tranquila e trabalhamos para o bem estar da sociedade. Essa \u00e9 a nossa maior conquista\u201d,<\/em> acrescenta.<\/p>\n<p><img decoding=\"async\" class=\"ngg_displayed_gallery mceItem\" src=\"http:\/\/folhadosudeste.com\/site\/index.php\/nextgen-attach_to_post\/preview\/id--25264\" alt=\"\" \/><\/p>\n","protected":false},"excerpt":{"rendered":"<p>ser humano sente a necessidade de comemorar os importantes eventos em sua vida, como anivers\u00e1rio de vida, de casamento, etc. N\u00e3o diferente, os ma\u00e7ons sentiram a necessidade de comemorar sua exist\u00eancia e criaram uma data para ser marcada no calend\u00e1rio anual: o dia 20 de agosto, no Brasil. A Loja Ma\u00e7\u00f4nica Ad Gloriam Et Sapientiam [&hellip;]<\/p>\n","protected":false},"author":6,"featured_media":25244,"comment_status":"open","ping_status":"closed","sticky":false,"template":"","format":"standard","meta":{"_joinchat":[],"footnotes":""},"categories":[1],"tags":[],"class_list":["post-25243","post","type-post","status-publish","format-standard","has-post-thumbnail","hentry","category-sem-categoria"],"_links":{"self":[{"href":"http:\/\/folhadosudeste.com\/site\/index.php?rest_route=\/wp\/v2\/posts\/25243","targetHints":{"allow":["GET"]}}],"collection":[{"href":"http:\/\/folhadosudeste.com\/site\/index.php?rest_route=\/wp\/v2\/posts"}],"about":[{"href":"http:\/\/folhadosudeste.com\/site\/index.php?rest_route=\/wp\/v2\/types\/post"}],"author":[{"embeddable":true,"href":"http:\/\/folhadosudeste.com\/site\/index.php?rest_route=\/wp\/v2\/users\/6"}],"replies":[{"embeddable":true,"href":"http:\/\/folhadosudeste.com\/site\/index.php?rest_route=%2Fwp%2Fv2%2Fcomments&post=25243"}],"version-history":[{"count":1,"href":"http:\/\/folhadosudeste.com\/site\/index.php?rest_route=\/wp\/v2\/posts\/25243\/revisions"}],"predecessor-version":[{"id":25265,"href":"http:\/\/folhadosudeste.com\/site\/index.php?rest_route=\/wp\/v2\/posts\/25243\/revisions\/25265"}],"wp:featuredmedia":[{"embeddable":true,"href":"http:\/\/folhadosudeste.com\/site\/index.php?rest_route=\/wp\/v2\/media\/25244"}],"wp:attachment":[{"href":"http:\/\/folhadosudeste.com\/site\/index.php?rest_route=%2Fwp%2Fv2%2Fmedia&parent=25243"}],"wp:term":[{"taxonomy":"category","embeddable":true,"href":"http:\/\/folhadosudeste.com\/site\/index.php?rest_route=%2Fwp%2Fv2%2Fcategories&post=25243"},{"taxonomy":"post_tag","embeddable":true,"href":"http:\/\/folhadosudeste.com\/site\/index.php?rest_route=%2Fwp%2Fv2%2Ftags&post=25243"}],"curies":[{"name":"wp","href":"https:\/\/api.w.org\/{rel}","templated":true}]}}