{"id":25385,"date":"2016-09-09T15:53:19","date_gmt":"2016-09-09T15:53:19","guid":{"rendered":"http:\/\/folhadosudeste.com\/site\/?p=25385"},"modified":"2016-09-09T15:53:19","modified_gmt":"2016-09-09T15:53:19","slug":"sindicato-dos-bancarios-de-muriae-e-regiao-adere-a-paralisacao-e-reivindica-melhores-salarios-para-a-categoria","status":"publish","type":"post","link":"http:\/\/folhadosudeste.com\/site\/?p=25385","title":{"rendered":"Sindicato dos Banc\u00e1rios de Muria\u00e9 e Regi\u00e3o adere \u00e0 paralisa\u00e7\u00e3o e reivindica melhores sal\u00e1rios para a categoria"},"content":{"rendered":"<p style=\"text-align: justify;\"><a href=\"http:\/\/folhadosudeste.com\/site\/wp-content\/uploads\/2016\/09\/BANC\u00c1RIOS.jpg\"><img loading=\"lazy\" decoding=\"async\" class=\"aligncenter size-full wp-image-25386\" src=\"http:\/\/folhadosudeste.com\/site\/wp-content\/uploads\/2016\/09\/BANC\u00c1RIOS.jpg\" alt=\"bancarios\" width=\"620\" height=\"285\" srcset=\"http:\/\/folhadosudeste.com\/site\/wp-content\/uploads\/2016\/09\/BANC\u00c1RIOS.jpg 620w, http:\/\/folhadosudeste.com\/site\/wp-content\/uploads\/2016\/09\/BANC\u00c1RIOS-300x137.jpg 300w, http:\/\/folhadosudeste.com\/site\/wp-content\/uploads\/2016\/09\/BANC\u00c1RIOS-272x125.jpg 272w\" sizes=\"auto, (max-width: 620px) 100vw, 620px\" \/><\/a><\/p>\n<p style=\"text-align: justify;\">O \u2018Sindicato dos Empregados em Estabelecimentos Banc\u00e1rios de Muria\u00e9 e Regi\u00e3o\u2019 (SEEB) tamb\u00e9m aderiu ao movimento de greve nacional da categoria, reivindicando melhores condi\u00e7\u00f5es salariais para os membros da classe. A n\u00edvel nacional, todos os sindicatos estavam fazendo suas assembl\u00e9ias desde a semana passada e o SEEB se reuniu no dia 05\/09 para levar a negocia\u00e7\u00e3o ao conhecimento da categoria para aceitar ou n\u00e3o a \u00faltima proposta oferecida pelo Banco do Brasil e Caixa Econ\u00f4mica Federal.<\/p>\n<p style=\"text-align: justify;\">Saiba mais na edi\u00e7\u00e3o 725 do Folha do Sudeste<\/p>\n<p style=\"text-align: justify;\"><img decoding=\"async\" class=\"ngg_displayed_gallery mceItem\" src=\"http:\/\/folhadosudeste.com\/site\/index.php\/nextgen-attach_to_post\/preview\/id--25401\" alt=\"\" \/><\/p>\n","protected":false},"excerpt":{"rendered":"<p>O \u2018Sindicato dos Empregados em Estabelecimentos Banc\u00e1rios de Muria\u00e9 e Regi\u00e3o\u2019 (SEEB) tamb\u00e9m aderiu ao movimento de greve nacional da categoria, reivindicando melhores condi\u00e7\u00f5es salariais para os membros da classe. A n\u00edvel nacional, todos os sindicatos estavam fazendo suas assembl\u00e9ias desde a semana passada e o SEEB se reuniu no dia 05\/09 para levar a [&hellip;]<\/p>\n","protected":false},"author":2,"featured_media":25386,"comment_status":"open","ping_status":"closed","sticky":false,"template":"","format":"standard","meta":{"_joinchat":[],"footnotes":""},"categories":[1],"tags":[],"class_list":["post-25385","post","type-post","status-publish","format-standard","has-post-thumbnail","hentry","category-sem-categoria"],"_links":{"self":[{"href":"http:\/\/folhadosudeste.com\/site\/index.php?rest_route=\/wp\/v2\/posts\/25385","targetHints":{"allow":["GET"]}}],"collection":[{"href":"http:\/\/folhadosudeste.com\/site\/index.php?rest_route=\/wp\/v2\/posts"}],"about":[{"href":"http:\/\/folhadosudeste.com\/site\/index.php?rest_route=\/wp\/v2\/types\/post"}],"author":[{"embeddable":true,"href":"http:\/\/folhadosudeste.com\/site\/index.php?rest_route=\/wp\/v2\/users\/2"}],"replies":[{"embeddable":true,"href":"http:\/\/folhadosudeste.com\/site\/index.php?rest_route=%2Fwp%2Fv2%2Fcomments&post=25385"}],"version-history":[{"count":1,"href":"http:\/\/folhadosudeste.com\/site\/index.php?rest_route=\/wp\/v2\/posts\/25385\/revisions"}],"predecessor-version":[{"id":25402,"href":"http:\/\/folhadosudeste.com\/site\/index.php?rest_route=\/wp\/v2\/posts\/25385\/revisions\/25402"}],"wp:featuredmedia":[{"embeddable":true,"href":"http:\/\/folhadosudeste.com\/site\/index.php?rest_route=\/wp\/v2\/media\/25386"}],"wp:attachment":[{"href":"http:\/\/folhadosudeste.com\/site\/index.php?rest_route=%2Fwp%2Fv2%2Fmedia&parent=25385"}],"wp:term":[{"taxonomy":"category","embeddable":true,"href":"http:\/\/folhadosudeste.com\/site\/index.php?rest_route=%2Fwp%2Fv2%2Fcategories&post=25385"},{"taxonomy":"post_tag","embeddable":true,"href":"http:\/\/folhadosudeste.com\/site\/index.php?rest_route=%2Fwp%2Fv2%2Ftags&post=25385"}],"curies":[{"name":"wp","href":"https:\/\/api.w.org\/{rel}","templated":true}]}}