{"id":25403,"date":"2016-09-09T15:56:49","date_gmt":"2016-09-09T15:56:49","guid":{"rendered":"http:\/\/folhadosudeste.com\/site\/?p=25403"},"modified":"2016-09-09T15:56:49","modified_gmt":"2016-09-09T15:56:49","slug":"ministerio-quadrangular-leva-142-pessoas-as-aguas-do-batismo","status":"publish","type":"post","link":"http:\/\/folhadosudeste.com\/site\/?p=25403","title":{"rendered":"Minist\u00e9rio Quadrangular leva 142 pessoas \u00e0s \u00e1guas do Batismo"},"content":{"rendered":"<p style=\"text-align: justify;\"><a href=\"http:\/\/folhadosudeste.com\/site\/wp-content\/uploads\/2016\/09\/IEQ.jpg\"><img loading=\"lazy\" decoding=\"async\" class=\"aligncenter size-full wp-image-25404\" src=\"http:\/\/folhadosudeste.com\/site\/wp-content\/uploads\/2016\/09\/IEQ.jpg\" alt=\"ieq\" width=\"620\" height=\"120\" srcset=\"http:\/\/folhadosudeste.com\/site\/wp-content\/uploads\/2016\/09\/IEQ.jpg 620w, http:\/\/folhadosudeste.com\/site\/wp-content\/uploads\/2016\/09\/IEQ-300x58.jpg 300w\" sizes=\"auto, (max-width: 620px) 100vw, 620px\" \/><\/a><\/p>\n<p style=\"text-align: justify;\">Mais uma vez, o Minist\u00e9rio Quadrangular cumpriu a vontade de Deus levando mais 142 pessoas \u00e0s \u00e1guas batismais, no S\u00edtio Quadrangular, no \u00faltimo domingo (4). A IEQ realiza anualmente dois Batismos, um em mar\u00e7o e outro em setembro. S\u00f3 este ano foram mais de 300 pessoas iniciaram um nova vida, assim cumprindo mandamento de nosso Senhor Jesus, em Mateus 28:19 que diz: \u201cPortanto ide, fazei disc\u00edpulos de todas as na\u00e7\u00f5es, batizando-os em nome do Pai, e do Filho, e do Esp\u00edrito Santo.<\/p>\n<p style=\"text-align: justify;\">Saiba mais na edi\u00e7\u00e3o 725 do Folha do Sudeste<\/p>\n<p style=\"text-align: justify;\"><img decoding=\"async\" class=\"ngg_displayed_gallery mceItem\" src=\"http:\/\/folhadosudeste.com\/site\/index.php\/nextgen-attach_to_post\/preview\/id--25453\" alt=\"\" \/><\/p>\n","protected":false},"excerpt":{"rendered":"<p>Mais uma vez, o Minist\u00e9rio Quadrangular cumpriu a vontade de Deus levando mais 142 pessoas \u00e0s \u00e1guas batismais, no S\u00edtio Quadrangular, no \u00faltimo domingo (4). A IEQ realiza anualmente dois Batismos, um em mar\u00e7o e outro em setembro. S\u00f3 este ano foram mais de 300 pessoas iniciaram um nova vida, assim cumprindo mandamento de nosso [&hellip;]<\/p>\n","protected":false},"author":2,"featured_media":25404,"comment_status":"open","ping_status":"closed","sticky":false,"template":"","format":"standard","meta":{"_joinchat":[],"footnotes":""},"categories":[1],"tags":[],"class_list":["post-25403","post","type-post","status-publish","format-standard","has-post-thumbnail","hentry","category-sem-categoria"],"_links":{"self":[{"href":"http:\/\/folhadosudeste.com\/site\/index.php?rest_route=\/wp\/v2\/posts\/25403","targetHints":{"allow":["GET"]}}],"collection":[{"href":"http:\/\/folhadosudeste.com\/site\/index.php?rest_route=\/wp\/v2\/posts"}],"about":[{"href":"http:\/\/folhadosudeste.com\/site\/index.php?rest_route=\/wp\/v2\/types\/post"}],"author":[{"embeddable":true,"href":"http:\/\/folhadosudeste.com\/site\/index.php?rest_route=\/wp\/v2\/users\/2"}],"replies":[{"embeddable":true,"href":"http:\/\/folhadosudeste.com\/site\/index.php?rest_route=%2Fwp%2Fv2%2Fcomments&post=25403"}],"version-history":[{"count":1,"href":"http:\/\/folhadosudeste.com\/site\/index.php?rest_route=\/wp\/v2\/posts\/25403\/revisions"}],"predecessor-version":[{"id":25454,"href":"http:\/\/folhadosudeste.com\/site\/index.php?rest_route=\/wp\/v2\/posts\/25403\/revisions\/25454"}],"wp:featuredmedia":[{"embeddable":true,"href":"http:\/\/folhadosudeste.com\/site\/index.php?rest_route=\/wp\/v2\/media\/25404"}],"wp:attachment":[{"href":"http:\/\/folhadosudeste.com\/site\/index.php?rest_route=%2Fwp%2Fv2%2Fmedia&parent=25403"}],"wp:term":[{"taxonomy":"category","embeddable":true,"href":"http:\/\/folhadosudeste.com\/site\/index.php?rest_route=%2Fwp%2Fv2%2Fcategories&post=25403"},{"taxonomy":"post_tag","embeddable":true,"href":"http:\/\/folhadosudeste.com\/site\/index.php?rest_route=%2Fwp%2Fv2%2Ftags&post=25403"}],"curies":[{"name":"wp","href":"https:\/\/api.w.org\/{rel}","templated":true}]}}