{"id":25527,"date":"2016-09-16T12:30:31","date_gmt":"2016-09-16T12:30:31","guid":{"rendered":"http:\/\/folhadosudeste.com\/site\/?p=25527"},"modified":"2016-09-16T12:30:31","modified_gmt":"2016-09-16T12:30:31","slug":"brilhantismo-nos-desfiles-civicos-de-6-e-7-de-setembro","status":"publish","type":"post","link":"http:\/\/folhadosudeste.com\/site\/?p=25527","title":{"rendered":"Brilhantismo nos desfiles c\u00edvicos de 6 e 7 de setembro"},"content":{"rendered":"<p><a href=\"http:\/\/folhadosudeste.com\/site\/wp-content\/uploads\/2016\/09\/MAIOR1.jpg\"><img loading=\"lazy\" decoding=\"async\" class=\"aligncenter wp-image-25528 size-full\" src=\"http:\/\/folhadosudeste.com\/site\/wp-content\/uploads\/2016\/09\/MAIOR1.jpg\" alt=\"maior\" width=\"800\" height=\"533\" srcset=\"http:\/\/folhadosudeste.com\/site\/wp-content\/uploads\/2016\/09\/MAIOR1.jpg 800w, http:\/\/folhadosudeste.com\/site\/wp-content\/uploads\/2016\/09\/MAIOR1-300x199.jpg 300w\" sizes=\"auto, (max-width: 800px) 100vw, 800px\" \/><\/a><\/p>\n<p>Mais uma vez o dia 6 de setembro, Dia do Muriaeense, foi uma data de comemora\u00e7\u00e3o, oportunidade de relembrar a hist\u00f3ria e cultura de nossa cidade. As festividades iniciaram na Pra\u00e7a Jo\u00e3o Pinheiro com o Momento C\u00edvico, que foi a abertura para os tradicionais desfiles das escolas municipais, que levaram \u00e0s ruas cartazes e fantasias de personagens importantes nas origens e na evolu\u00e7\u00e3o de Muria\u00e9 at\u00e9 os dias de hoje. Cada escola ilustrou um tema com seus profissionais da educa\u00e7\u00e3o e alunos, estabelecendo uma esp\u00e9cie de cronologia dos acontecimentos mais importantes que j\u00e1 tivemos registrados em nossas terras.<\/p>\n<p>De acordo com o prefeito Aloysio Aquino, o Dia do Muriaeense foi institu\u00eddo pelo Dr. Antonio Can\u00eado, um dos fundadores da escola de mesmo nome, pessoa que teve uma preocupa\u00e7\u00e3o muito grande com as crian\u00e7as de nossa cidade. <em>\u201cA educa\u00e7\u00e3o \u00e9 fundamental e felizmente conseguimos investir muito nessa \u00e1rea, assim como na sa\u00fade, mesmo com a crise econ\u00f4mica. Isso \u00e9 gratificante para n\u00f3s. Espero que os gestores d\u00eaem continuidade a esse trabalho, num bom ritmo de desenvolvimento\u201d,<\/em> explica.<\/p>\n<p>A secret\u00e1ria municipal de Educa\u00e7\u00e3o, Maria Cristina Navarro, comemorou o quarto ano consecutivo liderando os desfiles das escolas municipais, que tradicionalmente acontecem no dia 6 de setembro. <em>\u201cEstamos fechando este ciclo com chave de ouro. Nossos alunos estudaram sobre a hist\u00f3ria de Muria\u00e9, desde quando surgiu at\u00e9 hoje, com o desenvolvimento que teve. Foi muito gratificante essa oportunidade. Existe um entrosamento entre as escolas e essa apresenta\u00e7\u00e3o foi o desfecho de um projeto vitorioso. Agrade\u00e7o aos alunos pelo empenho e participa\u00e7\u00e3o, a dire\u00e7\u00e3o e equipe das escolas por coordenarem perfeitamente suas alas, e aos pais por abra\u00e7arem mais uma vez esse bel\u00edssimo desfile que todos tiveram a oportunidade de assistir\u201d,<\/em> completa.<\/p>\n<p>O dia 7 tamb\u00e9m foi marcado por belos momentos de civismo e nacionalismo, como os desfiles de diversos \u00f3rg\u00e3os e entidades municipais, como: Corpo de Bombeiros, Penitenci\u00e1ria, Fanfarra Gilberto Tanus Braz, Desenvolvimento Social, Pavilh\u00e3o Nacional, Escolas, Projetos e Departamentos da Fundarte, secretarias municipais, ONGs, Unidos S\u00e3o Joaquim; CIASDEM, Associa\u00e7\u00e3o Muriaeense dos Autistas, Associa\u00e7\u00e3o dos Surdos de Muria\u00e9 e Instituto Mateus Sena, Aventureiros, Desbravadores, Escoteiros e Tiro de Guerra.<\/p>\n<p><img decoding=\"async\" class=\"ngg_displayed_gallery mceItem\" src=\"http:\/\/folhadosudeste.com\/site\/index.php\/nextgen-attach_to_post\/preview\/id--25557\" alt=\"\" \/><\/p>\n","protected":false},"excerpt":{"rendered":"<p>Mais uma vez o dia 6 de setembro, Dia do Muriaeense, foi uma data de comemora\u00e7\u00e3o, oportunidade de relembrar a hist\u00f3ria e cultura de nossa cidade. As festividades iniciaram na Pra\u00e7a Jo\u00e3o Pinheiro com o Momento C\u00edvico, que foi a abertura para os tradicionais desfiles das escolas municipais, que levaram \u00e0s ruas cartazes e fantasias [&hellip;]<\/p>\n","protected":false},"author":6,"featured_media":25528,"comment_status":"open","ping_status":"closed","sticky":false,"template":"","format":"standard","meta":{"_joinchat":[],"footnotes":""},"categories":[1],"tags":[],"class_list":["post-25527","post","type-post","status-publish","format-standard","has-post-thumbnail","hentry","category-sem-categoria"],"_links":{"self":[{"href":"http:\/\/folhadosudeste.com\/site\/index.php?rest_route=\/wp\/v2\/posts\/25527","targetHints":{"allow":["GET"]}}],"collection":[{"href":"http:\/\/folhadosudeste.com\/site\/index.php?rest_route=\/wp\/v2\/posts"}],"about":[{"href":"http:\/\/folhadosudeste.com\/site\/index.php?rest_route=\/wp\/v2\/types\/post"}],"author":[{"embeddable":true,"href":"http:\/\/folhadosudeste.com\/site\/index.php?rest_route=\/wp\/v2\/users\/6"}],"replies":[{"embeddable":true,"href":"http:\/\/folhadosudeste.com\/site\/index.php?rest_route=%2Fwp%2Fv2%2Fcomments&post=25527"}],"version-history":[{"count":1,"href":"http:\/\/folhadosudeste.com\/site\/index.php?rest_route=\/wp\/v2\/posts\/25527\/revisions"}],"predecessor-version":[{"id":25558,"href":"http:\/\/folhadosudeste.com\/site\/index.php?rest_route=\/wp\/v2\/posts\/25527\/revisions\/25558"}],"wp:featuredmedia":[{"embeddable":true,"href":"http:\/\/folhadosudeste.com\/site\/index.php?rest_route=\/wp\/v2\/media\/25528"}],"wp:attachment":[{"href":"http:\/\/folhadosudeste.com\/site\/index.php?rest_route=%2Fwp%2Fv2%2Fmedia&parent=25527"}],"wp:term":[{"taxonomy":"category","embeddable":true,"href":"http:\/\/folhadosudeste.com\/site\/index.php?rest_route=%2Fwp%2Fv2%2Fcategories&post=25527"},{"taxonomy":"post_tag","embeddable":true,"href":"http:\/\/folhadosudeste.com\/site\/index.php?rest_route=%2Fwp%2Fv2%2Ftags&post=25527"}],"curies":[{"name":"wp","href":"https:\/\/api.w.org\/{rel}","templated":true}]}}