{"id":25559,"date":"2016-09-16T12:36:18","date_gmt":"2016-09-16T12:36:18","guid":{"rendered":"http:\/\/folhadosudeste.com\/site\/?p=25559"},"modified":"2016-09-16T12:36:18","modified_gmt":"2016-09-16T12:36:18","slug":"visita-das-criancas-do-instituto-mateus-sena-ao-corpo-de-bombeiros","status":"publish","type":"post","link":"http:\/\/folhadosudeste.com\/site\/?p=25559","title":{"rendered":"Visita das crian\u00e7as do Instituto Mateus Sena ao Corpo de Bombeiros"},"content":{"rendered":"<p style=\"margin: 0cm; margin-bottom: .0001pt; text-align: justify; text-indent: 35.4pt;\"><a href=\"http:\/\/folhadosudeste.com\/site\/wp-content\/uploads\/2016\/09\/MAIOR.jpeg\"><img loading=\"lazy\" decoding=\"async\" class=\"aligncenter wp-image-25560 size-full\" src=\"http:\/\/folhadosudeste.com\/site\/wp-content\/uploads\/2016\/09\/MAIOR.jpeg\" alt=\"maior\" width=\"800\" height=\"800\" srcset=\"http:\/\/folhadosudeste.com\/site\/wp-content\/uploads\/2016\/09\/MAIOR.jpeg 800w, http:\/\/folhadosudeste.com\/site\/wp-content\/uploads\/2016\/09\/MAIOR-150x150.jpeg 150w, http:\/\/folhadosudeste.com\/site\/wp-content\/uploads\/2016\/09\/MAIOR-300x300.jpeg 300w, http:\/\/folhadosudeste.com\/site\/wp-content\/uploads\/2016\/09\/MAIOR-55x55.jpeg 55w\" sizes=\"auto, (max-width: 800px) 100vw, 800px\" \/><\/a><\/p>\n<p style=\"margin: 0cm; margin-bottom: .0001pt; text-align: justify; text-indent: 35.4pt;\"><span style=\"font-family: 'Calibri','sans-serif'; color: black;\">Na data do dia 13 de setembro de 2016, as crian\u00e7as do Instituto Mateus Sena estiveram presentes no Segundo Batalh\u00e3o do Corpo de Bombeiros de Muria\u00e9 MG, conhecendo um pouco do trabalho que os bombeiros prestam a nossa cidade e regi\u00e3o. Por interm\u00e9dio da Psic\u00f3loga e Pedagoga Dra. Tarciana de Aguiar Braga junto aos militares, foi poss\u00edvel uma manh\u00e3 de muito aprendizado e divers\u00e3o, onde puderam conhecer e\u00a0interagir com os EPIs utilizados em atendimentos a socorro de inc\u00eandio, afogamento e outros&#8230; O projeto de visita\u00e7\u00e3o se deu atrav\u00e9s da integra\u00e7\u00e3o da Clinica Estimular, na pessoa da Psic\u00f3loga Tarciana Braga, do Instituto Mateus Sena, na pessoa da fundadora e m\u00e3e\u00a0Marina Sena\u00a0e do Segundo Pelot\u00e3o do CB Muria\u00e9 MG, na pessoa do Tenente Dornelas.<\/span><\/p>\n<p style=\"margin: 0cm; margin-bottom: .0001pt; text-align: justify; text-indent: 35.4pt;\"><span style=\"font-family: 'Calibri','sans-serif'; color: black;\">Fala da Psic\u00f3looga: Virtudes Militares s\u00e3o valores profissionais que nos inspiram a confiabilidade, o renome e o apre\u00e7o \u00e0 popula\u00e7\u00e3o. Enquanto psic\u00f3loga, agrade\u00e7o imensamente\u00a0ao Corpo de Bombeiros,\u00a0pelo comprometimento de suas a\u00e7\u00f5es virtuosas, ressaltando a grandeza e dinamicidade de seus atos que contagiaram profundamente nossas crian\u00e7as atrav\u00e9s do\u00a0carinho que lhes foram\u00a0demonstrados na\u00a0 manh\u00e3 dessa ter\u00e7a feira, exaurindo todos os potenciais de efici\u00eancia que puderam oferecer atrav\u00e9s de uma conduta \u00e9tica inquestion\u00e1vel. Na oportunidade, parabenizo aos militares que nos acompanharam e agrade\u00e7o ao Tenente Dornelas pela efici\u00eancia no aceite de nossa solicita\u00e7\u00e3o de visita\u00e7\u00e3o do Instituto Mateus Sena ao Batalh\u00e3o. Nosso muito obrigada!<\/span><\/p>\n<p style=\"margin: 0cm; margin-bottom: .0001pt; text-align: justify; text-indent: 35.4pt;\">\n<p style=\"margin: 0cm; margin-bottom: .0001pt; text-align: justify; text-indent: 35.4pt;\"><img decoding=\"async\" class=\"ngg_displayed_gallery mceItem\" src=\"http:\/\/folhadosudeste.com\/site\/index.php\/nextgen-attach_to_post\/preview\/id--25663\" alt=\"\" \/><\/p>\n","protected":false},"excerpt":{"rendered":"<p>Na data do dia 13 de setembro de 2016, as crian\u00e7as do Instituto Mateus Sena estiveram presentes no Segundo Batalh\u00e3o do Corpo de Bombeiros de Muria\u00e9 MG, conhecendo um pouco do trabalho que os bombeiros prestam a nossa cidade e regi\u00e3o. Por interm\u00e9dio da Psic\u00f3loga e Pedagoga Dra. Tarciana de Aguiar Braga junto aos militares, [&hellip;]<\/p>\n","protected":false},"author":6,"featured_media":25560,"comment_status":"open","ping_status":"closed","sticky":false,"template":"","format":"standard","meta":{"_joinchat":[],"footnotes":""},"categories":[1],"tags":[],"class_list":["post-25559","post","type-post","status-publish","format-standard","has-post-thumbnail","hentry","category-sem-categoria"],"_links":{"self":[{"href":"http:\/\/folhadosudeste.com\/site\/index.php?rest_route=\/wp\/v2\/posts\/25559","targetHints":{"allow":["GET"]}}],"collection":[{"href":"http:\/\/folhadosudeste.com\/site\/index.php?rest_route=\/wp\/v2\/posts"}],"about":[{"href":"http:\/\/folhadosudeste.com\/site\/index.php?rest_route=\/wp\/v2\/types\/post"}],"author":[{"embeddable":true,"href":"http:\/\/folhadosudeste.com\/site\/index.php?rest_route=\/wp\/v2\/users\/6"}],"replies":[{"embeddable":true,"href":"http:\/\/folhadosudeste.com\/site\/index.php?rest_route=%2Fwp%2Fv2%2Fcomments&post=25559"}],"version-history":[{"count":1,"href":"http:\/\/folhadosudeste.com\/site\/index.php?rest_route=\/wp\/v2\/posts\/25559\/revisions"}],"predecessor-version":[{"id":25664,"href":"http:\/\/folhadosudeste.com\/site\/index.php?rest_route=\/wp\/v2\/posts\/25559\/revisions\/25664"}],"wp:featuredmedia":[{"embeddable":true,"href":"http:\/\/folhadosudeste.com\/site\/index.php?rest_route=\/wp\/v2\/media\/25560"}],"wp:attachment":[{"href":"http:\/\/folhadosudeste.com\/site\/index.php?rest_route=%2Fwp%2Fv2%2Fmedia&parent=25559"}],"wp:term":[{"taxonomy":"category","embeddable":true,"href":"http:\/\/folhadosudeste.com\/site\/index.php?rest_route=%2Fwp%2Fv2%2Fcategories&post=25559"},{"taxonomy":"post_tag","embeddable":true,"href":"http:\/\/folhadosudeste.com\/site\/index.php?rest_route=%2Fwp%2Fv2%2Ftags&post=25559"}],"curies":[{"name":"wp","href":"https:\/\/api.w.org\/{rel}","templated":true}]}}