{"id":25665,"date":"2016-09-16T12:40:30","date_gmt":"2016-09-16T12:40:30","guid":{"rendered":"http:\/\/folhadosudeste.com\/site\/?p=25665"},"modified":"2016-09-19T11:27:53","modified_gmt":"2016-09-19T11:27:53","slug":"alunos-de-administracao-do-unifaminas-recebem-palestra-em-comemoracao-ao-seu-dia","status":"publish","type":"post","link":"http:\/\/folhadosudeste.com\/site\/?p=25665","title":{"rendered":"Alunos de Administra\u00e7\u00e3o do UNIFAMINAS recebem palestra em comemora\u00e7\u00e3o ao seu dia"},"content":{"rendered":"<p><a href=\"http:\/\/folhadosudeste.com\/site\/wp-content\/uploads\/2016\/09\/DSC_0881.jpg\"><img loading=\"lazy\" decoding=\"async\" class=\"aligncenter wp-image-25755 size-full\" src=\"http:\/\/folhadosudeste.com\/site\/wp-content\/uploads\/2016\/09\/DSC_0881.jpg\" alt=\"dsc_0881\" width=\"800\" height=\"255\" srcset=\"http:\/\/folhadosudeste.com\/site\/wp-content\/uploads\/2016\/09\/DSC_0881.jpg 800w, http:\/\/folhadosudeste.com\/site\/wp-content\/uploads\/2016\/09\/DSC_0881-300x95.jpg 300w\" sizes=\"auto, (max-width: 800px) 100vw, 800px\" \/><\/a><\/p>\n<p>Em comemora\u00e7\u00e3o ao Dia do Administrador, oficialmente celebrado em 9 de setembro, os alunos do curso de Administra\u00e7\u00e3o do Centro Universit\u00e1rio UNIFAMINAS receberam mais uma importante palestra para aprimorarem seus conhecimentos acad\u00eamicos, na noite da \u00faltima segunda (12), presidida por Bruno Rodrigues Faria, no Sal\u00e3o Nobre da institui\u00e7\u00e3o.<\/p>\n<p>Bruno \u00e9 analista t\u00e9cnico do SEBRAE \u2013 Regional Zona da Mata Mineira, graduado em Administra\u00e7\u00e3o pela Universidade Federal de Juiz de Fora, onde tamb\u00e9m fez Mestrado em Administra\u00e7\u00e3o, mais especificamente para a \u00e1rea de Finan\u00e7as e Inova\u00e7\u00e3o. Segundo ele, um dos pontos mais importantes da atualidade \u00e9 entender o caminho que a empresa est\u00e1 seguindo, pois se ela n\u00e3o sabe para onde ela vai, fica \u2018atirando\u2019 e tentando sobreviver de todos os jeitos, mas acaba n\u00e3o conseguindo atingir objetivo nenhum.\u00a0<em>\u201cOs gestores precisam ter foco nas a\u00e7\u00f5es que est\u00e3o fazendo e, dentro disso, quem executa os projetos s\u00e3o as pessoas. Cada um tentar\u00e1 de um jeito e o pensamento coletivo precisa ser maior que o individual. O desafio \u00e9 manter muita informa\u00e7\u00e3o e op\u00e7\u00e3o, parte de sua carreira \u00e9 especializada, mas tamb\u00e9m \u00e9 muito importante para o administrador ter uma vis\u00e3o ampla do mercado. Acho importante estudar bem sua \u00e1rea de atua\u00e7\u00e3o e ter uma vis\u00e3o mais ampla do mercado\u201d,<\/em>\u00a0explica.<\/p>\n<p>Ao final da palestra os acad\u00eamicos participaram ainda de sorteios e entrega de brindes, al\u00e9m de prestigiar uma apresenta\u00e7\u00e3o musical. O coordenador do curso de Administra\u00e7\u00e3o do UNIFAMINAS, Junio Vasconcelos, destacou a import\u00e2ncia dos acad\u00eamicos participarem de momentos interativos como este para o curso. O evento foi realizado pelo UNIFAMINAS em conjunto com a coordena\u00e7\u00e3o do curso e em parceria com o SEBRAE \u2013 Regional Zona da Mata Mineira, que na ocasi\u00e3o tamb\u00e9m esteve presente o analista t\u00e9cnico, Galv\u00e3o Emerick.<\/p>\n<p><img decoding=\"async\" class=\"ngg_displayed_gallery mceItem\" src=\"http:\/\/folhadosudeste.com\/site\/index.php\/nextgen-attach_to_post\/preview\/id--25685\" alt=\"\" \/><\/p>\n","protected":false},"excerpt":{"rendered":"<p>Em comemora\u00e7\u00e3o ao Dia do Administrador, oficialmente celebrado em 9 de setembro, os alunos do curso de Administra\u00e7\u00e3o do Centro Universit\u00e1rio UNIFAMINAS receberam mais uma importante palestra para aprimorarem seus conhecimentos acad\u00eamicos, na noite da \u00faltima segunda (12), presidida por Bruno Rodrigues Faria, no Sal\u00e3o Nobre da institui\u00e7\u00e3o. Bruno \u00e9 analista t\u00e9cnico do SEBRAE \u2013 [&hellip;]<\/p>\n","protected":false},"author":6,"featured_media":25755,"comment_status":"open","ping_status":"closed","sticky":false,"template":"","format":"standard","meta":{"_joinchat":[],"footnotes":""},"categories":[1],"tags":[],"class_list":["post-25665","post","type-post","status-publish","format-standard","has-post-thumbnail","hentry","category-sem-categoria"],"_links":{"self":[{"href":"http:\/\/folhadosudeste.com\/site\/index.php?rest_route=\/wp\/v2\/posts\/25665","targetHints":{"allow":["GET"]}}],"collection":[{"href":"http:\/\/folhadosudeste.com\/site\/index.php?rest_route=\/wp\/v2\/posts"}],"about":[{"href":"http:\/\/folhadosudeste.com\/site\/index.php?rest_route=\/wp\/v2\/types\/post"}],"author":[{"embeddable":true,"href":"http:\/\/folhadosudeste.com\/site\/index.php?rest_route=\/wp\/v2\/users\/6"}],"replies":[{"embeddable":true,"href":"http:\/\/folhadosudeste.com\/site\/index.php?rest_route=%2Fwp%2Fv2%2Fcomments&post=25665"}],"version-history":[{"count":3,"href":"http:\/\/folhadosudeste.com\/site\/index.php?rest_route=\/wp\/v2\/posts\/25665\/revisions"}],"predecessor-version":[{"id":25756,"href":"http:\/\/folhadosudeste.com\/site\/index.php?rest_route=\/wp\/v2\/posts\/25665\/revisions\/25756"}],"wp:featuredmedia":[{"embeddable":true,"href":"http:\/\/folhadosudeste.com\/site\/index.php?rest_route=\/wp\/v2\/media\/25755"}],"wp:attachment":[{"href":"http:\/\/folhadosudeste.com\/site\/index.php?rest_route=%2Fwp%2Fv2%2Fmedia&parent=25665"}],"wp:term":[{"taxonomy":"category","embeddable":true,"href":"http:\/\/folhadosudeste.com\/site\/index.php?rest_route=%2Fwp%2Fv2%2Fcategories&post=25665"},{"taxonomy":"post_tag","embeddable":true,"href":"http:\/\/folhadosudeste.com\/site\/index.php?rest_route=%2Fwp%2Fv2%2Ftags&post=25665"}],"curies":[{"name":"wp","href":"https:\/\/api.w.org\/{rel}","templated":true}]}}