{"id":25687,"date":"2016-09-16T12:52:13","date_gmt":"2016-09-16T12:52:13","guid":{"rendered":"http:\/\/folhadosudeste.com\/site\/?p=25687"},"modified":"2016-09-21T12:05:37","modified_gmt":"2016-09-21T12:05:37","slug":"grupo-nutrir-confraterniza-com-seus-colaboradores-para-festejar-dia-do-nutricionista","status":"publish","type":"post","link":"http:\/\/folhadosudeste.com\/site\/?p=25687","title":{"rendered":"Grupo Nutrir confraterniza com seus colaboradores para festejar Dia do Nutricionista"},"content":{"rendered":"<p><a href=\"http:\/\/folhadosudeste.com\/site\/wp-content\/uploads\/2016\/09\/DSC08750.jpg\"><img loading=\"lazy\" decoding=\"async\" class=\"aligncenter wp-image-25845 size-full\" src=\"http:\/\/folhadosudeste.com\/site\/wp-content\/uploads\/2016\/09\/DSC08750.jpg\" alt=\"\" width=\"1500\" height=\"999\" srcset=\"http:\/\/folhadosudeste.com\/site\/wp-content\/uploads\/2016\/09\/DSC08750.jpg 1500w, http:\/\/folhadosudeste.com\/site\/wp-content\/uploads\/2016\/09\/DSC08750-300x199.jpg 300w, http:\/\/folhadosudeste.com\/site\/wp-content\/uploads\/2016\/09\/DSC08750-1024x681.jpg 1024w\" sizes=\"auto, (max-width: 1500px) 100vw, 1500px\" \/><\/a><\/p>\n<p>31 de agosto \u00e9 o Dia do Nutricionista. E o Grupo Nutrir n\u00e3o deixou passar em branco a oportunidade de homenagear os profissionais desta \u00e1rea, que s\u00e3o t\u00e3o importantes para a sa\u00fade, qualidade de vida e desenvolvimento humano. Com uma equipe composta por mais de 10 profissionais que atuam no segmento e uma estrutura gerencial que permite e possibilita a forma\u00e7\u00e3o de estagi\u00e1rios para atuarem nos estabelecimentos nutricionais, a dire\u00e7\u00e3o reuniu-se com seus colaboradores para uma confraterniza\u00e7\u00e3o, na noite da \u00faltima quarta (14), no Carne &amp; Cia do Vale do Castelo. A m\u00fasica ao vivo ficou por conta de Couro &amp; Corda.<\/p>\n<p>A nutricionista Fernanda Freitas Can\u00eado, s\u00f3cia-propriet\u00e1ria da Nutrir, mostra sua satisfa\u00e7\u00e3o com os 15 anos de tradi\u00e7\u00e3o da empresa, comemorados em dezembro, um sonho que se tornou realidade. Segundo ela, quando come\u00e7aram com o projeto, n\u00e3o imaginavam que chegariam a colher os frutos deste sucesso, credibilidade e reconhecimento atuais. <em>\u201cConseguimos fazer muito mais do que imagin\u00e1vamos e este \u00e9 um dia muito importante, em que celebramos a hist\u00f3ria de um profissional de grande relev\u00e2ncia, que leva a sa\u00fade e a educa\u00e7\u00e3o profissional: o nutricionista. \u00c9 uma fun\u00e7\u00e3o que tenho muito orgulho de exercer. Este ano, s\u00f3 conseguimos crescer dessa forma com o trabalho dos nutricionistas que est\u00e3o conosco. Agrade\u00e7o por estarem ao nosso lado, promovendo a sa\u00fade, ajudando a comercializar os produtos nutricionais, proporcionando uma educa\u00e7\u00e3o saud\u00e1vel\u201d,<\/em> acrescenta.<\/p>\n<p>O nutr\u00f3logo Dr. Ant\u00f4nio Francisco Neto, s\u00f3cio-propriet\u00e1rio da Nutrir, comemora o Dia do Nutricionista e estes 15 anos de hist\u00f3ria da Nutrir, completados este ano, com um estabelecimento crescente e uma equipe grande, a qual considera muito eficiente. Para ele, \u00e9 uma grande alegria ter uma distribuidora de produtos na Zona da Mata Mineira e regi\u00e3o serrana do Rio de Janeiro. <em>\u201cSomos uma empresa de nutri\u00e7\u00e3o em que a parte principal \u00e9 composta pelos nossos colaboradores. Atualmente, em nosso pa\u00eds, n\u00e3o \u00e9 poss\u00edvel projetar a longo prazo, mas nossa meta \u00e9 continuar crescendo, gerando empregos em Muria\u00e9 e regi\u00e3o, agregando empresas e buscando o desenvolvimento cont\u00ednuo\u201d,<\/em> explica.<\/p>\n<p>De acordo com Bet\u00e2nia Estevam Cabral, nutricionista e consultora do Grupo Nutrir, trata-se de uma empresa que hoje tem tr\u00eas segmentos que oferecem todo esse apoio para os profissionais de nutri\u00e7\u00e3o. <em>\u201cTemos a parte de distribui\u00e7\u00e3o de atacado, de produtos de terapia nutricional e dentro dos hospitais, que fazem atendimento direto ao cliente, assim como as lojas que t\u00eam essa continuidade no atendimento prestado. \u00c9 muito importante estarmos integrados com os profissionais, para que a sociedade conhe\u00e7a melhor o trabalho da Nutrir. \u00c9 um projeto de parceria, n\u00e3o existe atendimento individualizado. Eu, como nutricionista, n\u00e3o olho s\u00f3 o aspecto nutricional, mas os outros fatores que comp\u00f5em o ser humano e que tamb\u00e9m s\u00e3o de grande relev\u00e2ncia\u201d,<\/em> completa.<\/p>\n<p><img decoding=\"async\" class=\"ngg_displayed_gallery mceItem\" src=\"http:\/\/folhadosudeste.com\/site\/index.php\/nextgen-attach_to_post\/preview\/id--26014\" alt=\"\" \/><\/p>\n<p>&nbsp;<\/p>\n","protected":false},"excerpt":{"rendered":"<p>31 de agosto \u00e9 o Dia do Nutricionista. E o Grupo Nutrir n\u00e3o deixou passar em branco a oportunidade de homenagear os profissionais desta \u00e1rea, que s\u00e3o t\u00e3o importantes para a sa\u00fade, qualidade de vida e desenvolvimento humano. Com uma equipe composta por mais de 10 profissionais que atuam no segmento e uma estrutura gerencial [&hellip;]<\/p>\n","protected":false},"author":6,"featured_media":25845,"comment_status":"open","ping_status":"closed","sticky":false,"template":"","format":"standard","meta":{"_joinchat":[],"footnotes":""},"categories":[1],"tags":[],"class_list":["post-25687","post","type-post","status-publish","format-standard","has-post-thumbnail","hentry","category-sem-categoria"],"_links":{"self":[{"href":"http:\/\/folhadosudeste.com\/site\/index.php?rest_route=\/wp\/v2\/posts\/25687","targetHints":{"allow":["GET"]}}],"collection":[{"href":"http:\/\/folhadosudeste.com\/site\/index.php?rest_route=\/wp\/v2\/posts"}],"about":[{"href":"http:\/\/folhadosudeste.com\/site\/index.php?rest_route=\/wp\/v2\/types\/post"}],"author":[{"embeddable":true,"href":"http:\/\/folhadosudeste.com\/site\/index.php?rest_route=\/wp\/v2\/users\/6"}],"replies":[{"embeddable":true,"href":"http:\/\/folhadosudeste.com\/site\/index.php?rest_route=%2Fwp%2Fv2%2Fcomments&post=25687"}],"version-history":[{"count":5,"href":"http:\/\/folhadosudeste.com\/site\/index.php?rest_route=\/wp\/v2\/posts\/25687\/revisions"}],"predecessor-version":[{"id":26017,"href":"http:\/\/folhadosudeste.com\/site\/index.php?rest_route=\/wp\/v2\/posts\/25687\/revisions\/26017"}],"wp:featuredmedia":[{"embeddable":true,"href":"http:\/\/folhadosudeste.com\/site\/index.php?rest_route=\/wp\/v2\/media\/25845"}],"wp:attachment":[{"href":"http:\/\/folhadosudeste.com\/site\/index.php?rest_route=%2Fwp%2Fv2%2Fmedia&parent=25687"}],"wp:term":[{"taxonomy":"category","embeddable":true,"href":"http:\/\/folhadosudeste.com\/site\/index.php?rest_route=%2Fwp%2Fv2%2Fcategories&post=25687"},{"taxonomy":"post_tag","embeddable":true,"href":"http:\/\/folhadosudeste.com\/site\/index.php?rest_route=%2Fwp%2Fv2%2Ftags&post=25687"}],"curies":[{"name":"wp","href":"https:\/\/api.w.org\/{rel}","templated":true}]}}