{"id":26358,"date":"2016-09-30T12:43:54","date_gmt":"2016-09-30T12:43:54","guid":{"rendered":"http:\/\/folhadosudeste.com\/site\/?p=26358"},"modified":"2016-09-30T12:43:54","modified_gmt":"2016-09-30T12:43:54","slug":"show-da-vida-com-pe-alessandro-campo-em-muriae","status":"publish","type":"post","link":"http:\/\/folhadosudeste.com\/site\/?p=26358","title":{"rendered":"Show da Vida com Pe. Alessandro Campo em Muria\u00e9"},"content":{"rendered":"<p><a href=\"http:\/\/folhadosudeste.com\/site\/wp-content\/uploads\/2016\/09\/MAIOR6.jpg\"><img loading=\"lazy\" decoding=\"async\" class=\"aligncenter wp-image-26360 size-full\" src=\"http:\/\/folhadosudeste.com\/site\/wp-content\/uploads\/2016\/09\/MAIOR6.jpg\" alt=\"maior\" width=\"800\" height=\"534\" srcset=\"http:\/\/folhadosudeste.com\/site\/wp-content\/uploads\/2016\/09\/MAIOR6.jpg 800w, http:\/\/folhadosudeste.com\/site\/wp-content\/uploads\/2016\/09\/MAIOR6-300x200.jpg 300w, http:\/\/folhadosudeste.com\/site\/wp-content\/uploads\/2016\/09\/MAIOR6-290x195.jpg 290w\" sizes=\"auto, (max-width: 800px) 100vw, 800px\" \/><\/a><\/p>\n<p>Um dos shows mais esperados do ano em nossa cidade, foi um verdadeiro sucesso, atraindo grande p\u00fablico de Muria\u00e9 e regi\u00e3o. A apresenta\u00e7\u00e3o \u2018Show da Vida\u2019 do Pe. Alessandro Campos, o padre sertanejo do Brasil aconteceu na noite do \u00faltimo s\u00e1bado (24), no Parque de Exposi\u00e7\u00f5es Lael Varella, idealizado pela Par\u00f3quia S\u00e3o Paulo, R\u00e1dio Catedral e parceiros. O objetivo foi arrecadar recursos em prol da Comunidade Terap\u00eautica Fazenda Vida Nova &#8211; COMVIDA. Pe. Alessandro proporcionou momentos de alegria, f\u00e9, reflex\u00e3o, emo\u00e7\u00e3o e ora\u00e7\u00e3o. Ele cantou seus sucessos, como a famosa \u2018O que \u00e9 que eu sou sem Jesus?\u2019 e interpretou outras diversas m\u00fasicas sertanejas de raiz. Com muita simpatia e humildade, ele atendeu os f\u00e3s e a imprensa, proporcionando um momento hist\u00f3rico e inesquec\u00edvel para todos.<\/p>\n<p>Pe. Alessandro explicou que foi um prazer imenso estar no estado de Minas Gerais, com o qual tem um carinho muito grande e visitar Muria\u00e9 \u00e9 motivo de muita alegria. <em>\u201cFoi muito bom, pois tenho uma enorme considera\u00e7\u00e3o pelos mineiros. Minha fam\u00edlia \u00e9 do Sul de Minas, ent\u00e3o sempre conheci esse povo e soube como era acolhedor, um povo hospitaleiro e de uma culin\u00e1ria maravilhosa. \u00c9 muito bom fazer um show beneficente, reunir e alegrar as fam\u00edlias com Jesus Cristo por uma boa raz\u00e3o, como essa de apoiar a COMVIDA. Damos nosso apoio financeiro e moral. Cada show \u00e9 uma emo\u00e7\u00e3o diferente, uma surpresa agrad\u00e1vel e dessa vez n\u00e3o foi diferente. Levar a palavra de Deus \u00e9 muito especial\u201d,<\/em> completa.<\/p>\n<p><img decoding=\"async\" class=\"ngg_displayed_gallery mceItem\" src=\"http:\/\/folhadosudeste.com\/site\/index.php\/nextgen-attach_to_post\/preview\/id--26385\" alt=\"\" \/><\/p>\n","protected":false},"excerpt":{"rendered":"<p>Um dos shows mais esperados do ano em nossa cidade, foi um verdadeiro sucesso, atraindo grande p\u00fablico de Muria\u00e9 e regi\u00e3o. A apresenta\u00e7\u00e3o \u2018Show da Vida\u2019 do Pe. Alessandro Campos, o padre sertanejo do Brasil aconteceu na noite do \u00faltimo s\u00e1bado (24), no Parque de Exposi\u00e7\u00f5es Lael Varella, idealizado pela Par\u00f3quia S\u00e3o Paulo, R\u00e1dio Catedral [&hellip;]<\/p>\n","protected":false},"author":6,"featured_media":26360,"comment_status":"open","ping_status":"closed","sticky":false,"template":"","format":"standard","meta":{"_joinchat":[],"footnotes":""},"categories":[1],"tags":[],"class_list":["post-26358","post","type-post","status-publish","format-standard","has-post-thumbnail","hentry","category-sem-categoria"],"_links":{"self":[{"href":"http:\/\/folhadosudeste.com\/site\/index.php?rest_route=\/wp\/v2\/posts\/26358","targetHints":{"allow":["GET"]}}],"collection":[{"href":"http:\/\/folhadosudeste.com\/site\/index.php?rest_route=\/wp\/v2\/posts"}],"about":[{"href":"http:\/\/folhadosudeste.com\/site\/index.php?rest_route=\/wp\/v2\/types\/post"}],"author":[{"embeddable":true,"href":"http:\/\/folhadosudeste.com\/site\/index.php?rest_route=\/wp\/v2\/users\/6"}],"replies":[{"embeddable":true,"href":"http:\/\/folhadosudeste.com\/site\/index.php?rest_route=%2Fwp%2Fv2%2Fcomments&post=26358"}],"version-history":[{"count":1,"href":"http:\/\/folhadosudeste.com\/site\/index.php?rest_route=\/wp\/v2\/posts\/26358\/revisions"}],"predecessor-version":[{"id":26386,"href":"http:\/\/folhadosudeste.com\/site\/index.php?rest_route=\/wp\/v2\/posts\/26358\/revisions\/26386"}],"wp:featuredmedia":[{"embeddable":true,"href":"http:\/\/folhadosudeste.com\/site\/index.php?rest_route=\/wp\/v2\/media\/26360"}],"wp:attachment":[{"href":"http:\/\/folhadosudeste.com\/site\/index.php?rest_route=%2Fwp%2Fv2%2Fmedia&parent=26358"}],"wp:term":[{"taxonomy":"category","embeddable":true,"href":"http:\/\/folhadosudeste.com\/site\/index.php?rest_route=%2Fwp%2Fv2%2Fcategories&post=26358"},{"taxonomy":"post_tag","embeddable":true,"href":"http:\/\/folhadosudeste.com\/site\/index.php?rest_route=%2Fwp%2Fv2%2Ftags&post=26358"}],"curies":[{"name":"wp","href":"https:\/\/api.w.org\/{rel}","templated":true}]}}