{"id":26715,"date":"2016-10-07T12:19:05","date_gmt":"2016-10-07T12:19:05","guid":{"rendered":"http:\/\/folhadosudeste.com\/site\/?p=26715"},"modified":"2016-10-07T12:19:05","modified_gmt":"2016-10-07T12:19:05","slug":"uma-vitoria-historica-e-memoravel-com-grande-diferenca-de-votos-grego-se-elege-prefeito-de-muriae-junto-ao-vice-dr-marcos-guarino","status":"publish","type":"post","link":"http:\/\/folhadosudeste.com\/site\/?p=26715","title":{"rendered":"Uma vit\u00f3ria hist\u00f3rica e memor\u00e1vel&#8230;Com grande diferen\u00e7a de votos, Grego se elege prefeito de Muria\u00e9, junto ao vice Dr. Marcos Guarino"},"content":{"rendered":"<p><a href=\"http:\/\/folhadosudeste.com\/site\/wp-content\/uploads\/2016\/10\/MAIOR2.jpg\"><img loading=\"lazy\" decoding=\"async\" class=\"aligncenter wp-image-26716 size-full\" src=\"http:\/\/folhadosudeste.com\/site\/wp-content\/uploads\/2016\/10\/MAIOR2.jpg\" alt=\"maior\" width=\"800\" height=\"530\" srcset=\"http:\/\/folhadosudeste.com\/site\/wp-content\/uploads\/2016\/10\/MAIOR2.jpg 800w, http:\/\/folhadosudeste.com\/site\/wp-content\/uploads\/2016\/10\/MAIOR2-300x198.jpg 300w\" sizes=\"auto, (max-width: 800px) 100vw, 800px\" \/><\/a><\/p>\n<p>Uma vit\u00f3ria esmagadora. Assim pode ser descrita a elei\u00e7\u00e3o de Grego (DEM) para prefeito de Muria\u00e9, junto a seu vice, Dr. Marcos Guarino (PSB), pela coliga\u00e7\u00e3o \u2018Tempo Novo para Mudar\u2019 (DEM \/ PROS \/ PPS \/ PSB \/ PSD \/ PTN \/ PRB \/ SD) no pleito eleitoral de 2016, que aconteceu no \u00faltimo domingo (2). A chapa sagrou-se vencedora com a impressionante marca de 36.849 votos (65,12%) do eleitorado muriaeense, contra 17.198 votos (30,39%) do candidato concorrente, Elder Abreu (PMDB) e seu vice, C\u00e9zar das M\u00e1quinas (PP), representando a coliga\u00e7\u00e3o \u2018Unidos por Muria\u00e9\u2019. A diferen\u00e7a foi de 19.651 votos, n\u00famero maior que os pr\u00f3prios votos obtidos pelo advers\u00e1rio. J\u00e1 Merim Toco (PTC), junto a seu vice Valtin do Coletivo (PTC), pela coliga\u00e7\u00e3o \u2018O povo no poder, ficou com o 3\u00ba lugar, com 2.537 votos (4,48%).<\/p>\n<p>Grego \u00e9 o nome pelo qual todos conhecem o renomado empres\u00e1rio Ioannis Konstantinos Grammatikopoulos, que ingressou na pol\u00edtica nas elei\u00e7\u00f5es municipais de 2012 e terminou a disputa \u00e0 Prefeitura de Muria\u00e9 em 2\u00ba lugar, contra o \u00faltimo prefeito em exerc\u00edcio, Aloysio Aquino. Apesar de aquela ter sido a primeira experi\u00eancia pol\u00edtica de Grego, ele havia se sa\u00eddo muito bem, inclusive nos debates, conquistando um grande n\u00famero de eleitores, os quais foram ampliados at\u00e9 a campanha deste ano. Novamente, nas oportunidades de debate, Grego apresentou propostas, mostrou seu comprometimento com as mudan\u00e7as por uma Muria\u00e9 melhor e foi muito elogiado pela opini\u00e3o p\u00fablica em raz\u00e3o de seu preparo e capacidade demonstrados em tais ocasi\u00f5es. Era uma bela hist\u00f3ria que estava quase terminando de ser constru\u00edda, pois em breve ele teria a vota\u00e7\u00e3o mais expressiva da hist\u00f3ria de nossa cidade. Come\u00e7adas as apura\u00e7\u00f5es, as primeiras urnas verificadas j\u00e1 mostravam uma vantagem muito superior de Grego ao do outro candidato, sendo em muitos bairros relativa a mais do que o dobro do mesmo.<\/p>\n<p>No final da manh\u00e3 de domingo eleitoral, ele tinha efetuado seu voto na Escola Estadual Dr. Olavo Tostes, acompanhado de v\u00e1rias lideran\u00e7as pol\u00edticas que o ap\u00f3iam, demonstrando o semblante sereno de quem imaginava que o melhor estava por vir. Ele havia acompanhado seu vice, Dr. Marcos Guarino, que votou na Escola Estadual Silveira Brum. As principais lideran\u00e7as do partido DEM, que apoiaram Grego e Dr. Marcos, votaram nos respectivos lugares: deputado estadual Dr. Wilson Baptista no Col\u00e9gio Santa Marcelina (Centro); deputado federal Misael Varella na Casa da Amizade (Centro); ambos na parte da manh\u00e3; e o suplente de senador Lael Varella no sal\u00e3o paroquial da Matriz Nossa Senhora Imaculada Concei\u00e7\u00e3o (Barra), na parte da tarde.<\/p>\n<p>Oficialmente eleito, Grego e Dr. Marcos est\u00e3o prontos para come\u00e7arem sua jornada no executivo a partir do dia 1\u00ba de janeiro de 2017. Eles agradeceram a popula\u00e7\u00e3o muriaeense, familiares, amigos, lideran\u00e7as e representantes da sociedade civil, pelo apoio e reafirmaram as promessas de campanha, na certeza de que far\u00e3o um mandato de acordo com as necessidades do munic\u00edpio e anseios do povo, de modo que as mudan\u00e7as possam ser efetivadas. Ap\u00f3s uma bela carreata pelas ruas da cidade, a festa de comemora\u00e7\u00e3o da vit\u00f3ria aconteceu no Via Park Club, na noite do dia 02 de outubro, com grande p\u00fablico que prestigiou o prefeito e vice eleitos. Grego e Dr. Marcos, junto \u00e0s lideran\u00e7as pol\u00edticas, foram ovacionados pelo p\u00fablico, ansioso por lhes saudar e desejar sucesso nesse desafio que come\u00e7a em breve.<\/p>\n<p>Segundo Grego, a responsabilidade \u00e9 grande, mas eles est\u00e3o preparados para fazer um trabalho memor\u00e1vel. <em>\u201cTivemos a alegria e satisfa\u00e7\u00e3o de estar pr\u00f3ximos aos eleitores, percorrendo as ruas da cidade, saudando as pessoas e conhecendo os problemas que elas vivenciam. Foi uma campanha curta, mas intensa. Identificamos que a maior adversidade est\u00e1 na \u00e1rea de sa\u00fade, mas estamos confiantes em solucion\u00e1-los, pois temos conosco um homem que conhece muito bem essa \u00e1rea, o Dr. Marcos Guarino. Tamb\u00e9m temos problemas na gera\u00e7\u00e3o de empregos e por isso \u00e9 necess\u00e1rio atrair empresas para nossa cidade. Agora temos 17 vereadores eleitos, espero que eles honrem cada voto recebido e atuem com integridade, honestidade, transpar\u00eancia, para que as pessoas acreditem mais na pol\u00edtica e confiem em seus representantes\u201d,<\/em> explica. E completa: <em>\u201cContinuo contando com o apoio e as ora\u00e7\u00f5es, mas pe\u00e7o paci\u00eancia para que possamos implementar as mudan\u00e7as ao longo dos 4 anos. Reafirmo o compromisso que entregaremos uma cidade melhor do que a que receberemos\u201d<\/em>.<\/p>\n<p>Dr. Marcos Guarino refor\u00e7a a import\u00e2ncia das elei\u00e7\u00f5es para toda a regi\u00e3o da Zona da Mata e mostrou sua satisfa\u00e7\u00e3o com a vit\u00f3ria e confian\u00e7a do povo em seu compromisso de defender os interesses p\u00fablicos. <em>\u201cA crise est\u00e1 instalada em todo o pa\u00eds e aqui n\u00e3o \u00e9 diferente. Temos um prop\u00f3sito e um desafio muito grande pela frente, principalmente na \u00e1rea da sa\u00fade. Vamos cumprir nosso papel democr\u00e1tico com a esperan\u00e7a de resgatar a pol\u00edtica em nossa cidade, tratar da economia a \u00e1rea social, enfim, proporcionar mudan\u00e7as s\u00e9rias e positivas, pois os \u00faltimos anos foram muito ruins para o pa\u00eds e com Muria\u00e9 n\u00e3o acontece diferente. Obrigado ao povo pela confian\u00e7a em nosso trabalho\u201d,<\/em> destacou.<\/p>\n<p><img decoding=\"async\" class=\"ngg_displayed_gallery mceItem\" src=\"http:\/\/folhadosudeste.com\/site\/index.php\/nextgen-attach_to_post\/preview\/id--26775\" alt=\"\" \/><\/p>\n","protected":false},"excerpt":{"rendered":"<p>Uma vit\u00f3ria esmagadora. Assim pode ser descrita a elei\u00e7\u00e3o de Grego (DEM) para prefeito de Muria\u00e9, junto a seu vice, Dr. Marcos Guarino (PSB), pela coliga\u00e7\u00e3o \u2018Tempo Novo para Mudar\u2019 (DEM \/ PROS \/ PPS \/ PSB \/ PSD \/ PTN \/ PRB \/ SD) no pleito eleitoral de 2016, que aconteceu no \u00faltimo domingo [&hellip;]<\/p>\n","protected":false},"author":6,"featured_media":26716,"comment_status":"open","ping_status":"closed","sticky":false,"template":"","format":"standard","meta":{"_joinchat":[],"footnotes":""},"categories":[1],"tags":[],"class_list":["post-26715","post","type-post","status-publish","format-standard","has-post-thumbnail","hentry","category-sem-categoria"],"_links":{"self":[{"href":"http:\/\/folhadosudeste.com\/site\/index.php?rest_route=\/wp\/v2\/posts\/26715","targetHints":{"allow":["GET"]}}],"collection":[{"href":"http:\/\/folhadosudeste.com\/site\/index.php?rest_route=\/wp\/v2\/posts"}],"about":[{"href":"http:\/\/folhadosudeste.com\/site\/index.php?rest_route=\/wp\/v2\/types\/post"}],"author":[{"embeddable":true,"href":"http:\/\/folhadosudeste.com\/site\/index.php?rest_route=\/wp\/v2\/users\/6"}],"replies":[{"embeddable":true,"href":"http:\/\/folhadosudeste.com\/site\/index.php?rest_route=%2Fwp%2Fv2%2Fcomments&post=26715"}],"version-history":[{"count":1,"href":"http:\/\/folhadosudeste.com\/site\/index.php?rest_route=\/wp\/v2\/posts\/26715\/revisions"}],"predecessor-version":[{"id":26776,"href":"http:\/\/folhadosudeste.com\/site\/index.php?rest_route=\/wp\/v2\/posts\/26715\/revisions\/26776"}],"wp:featuredmedia":[{"embeddable":true,"href":"http:\/\/folhadosudeste.com\/site\/index.php?rest_route=\/wp\/v2\/media\/26716"}],"wp:attachment":[{"href":"http:\/\/folhadosudeste.com\/site\/index.php?rest_route=%2Fwp%2Fv2%2Fmedia&parent=26715"}],"wp:term":[{"taxonomy":"category","embeddable":true,"href":"http:\/\/folhadosudeste.com\/site\/index.php?rest_route=%2Fwp%2Fv2%2Fcategories&post=26715"},{"taxonomy":"post_tag","embeddable":true,"href":"http:\/\/folhadosudeste.com\/site\/index.php?rest_route=%2Fwp%2Fv2%2Ftags&post=26715"}],"curies":[{"name":"wp","href":"https:\/\/api.w.org\/{rel}","templated":true}]}}