{"id":26842,"date":"2016-10-07T12:28:54","date_gmt":"2016-10-07T12:28:54","guid":{"rendered":"http:\/\/folhadosudeste.com\/site\/?p=26842"},"modified":"2016-10-07T12:28:54","modified_gmt":"2016-10-07T12:28:54","slug":"eleicoes-municipais-2016-devido-a-repercussao-pp-e-candidato-maicon-da-cadeira-lancam-notas-oficiais","status":"publish","type":"post","link":"http:\/\/folhadosudeste.com\/site\/?p=26842","title":{"rendered":"Elei\u00e7\u00f5es Municipais 2016: Devido A Repercuss\u00e3o, PP E Candidato Maicon Da Cadeira Lan\u00e7am Notas Oficiais"},"content":{"rendered":"<p>A possibilidade de mexida em uma das 17 cadeiras da C\u00e2mara Municipal de Muria\u00e9 est\u00e1 dando o que falar, principalmente nas redes sociais, mas nas ruas tamb\u00e9m h\u00e1 d\u00favidas, pois ainda n\u00e3o ouve um pronunciamento oficial. Trata-se de uma poss\u00edvel valida\u00e7\u00e3o dos 711 votos do candidato a vereador Maicon da Cadeira, que n\u00e3o foi eleito, mas os votos poderiam mexer no coeficiente eleitoral de alguma forma. A decis\u00e3o \u00e9 do TSE. Segundo informa\u00e7\u00f5es, o ent\u00e3o candidato a vereador, Maicon da Cadeira teria desistido de levar adiante seu recurso. O Diret\u00f3rio do PP Municipal de Muria\u00e9 lan\u00e7ou nota, bem como o candidato a vereador Maicon da Cadeira.<\/p>\n<p><strong>NOTA DA EXECUTIVA MUNICIPAL DO PP \u2013 PARTIDO PROGRESSISTA MURIA\u00c9 \u2013 MINAS GERAIS<\/strong><\/p>\n<p>A Comiss\u00e3o Executiva do PP \u2013 Partido Progressista de Muria\u00e9 vem a p\u00fablico esclarecer que a desist\u00eancia do Recurso Eleitoral aviado pelo candidato a Vereador Maicon Oliveira (Maicon da Cadeira) para valida\u00e7\u00e3o de sua candidatura e dos 711 (setecentos e onze) votos obtidos no pleito de 2016 foi uma atitude isolada e unilateral do candidato, sem qualquer aprova\u00e7\u00e3o do PP \u2013 Partido Progressista de Muria\u00e9. O PP \u2013 Partido Progressista de Muria\u00e9 expressa sua discord\u00e2ncia com a atitude, vez que o colegiado partid\u00e1rio a considera desprovida de qualquer fundamenta\u00e7\u00e3o razo\u00e1vel, posto que adotada em claro preju\u00edzo \u00e0 Coliga\u00e7\u00e3o PP \u2013 PT e esclarece que todas as medidas pertinentes ser\u00e3o empreendidas em defesa dos interesses das agremia\u00e7\u00f5es partid\u00e1rias envolvidas e, sobretudo, em defesa da democracia.<\/p>\n<p><em><strong>Atenciosamente, Renzo do Amaral Braz Deputado Federal e Presidente do PP \u2013 Partido Progressista de Muria\u00e9<\/strong><\/em><\/p>\n<p><strong>MAICON DA CADEIRA, CANDIDATO A VEREADOR PELO PARTIDO PP, VEM MANIFESTAR A SEUS ELEITORES E MEMBROS DO PARTIDO, AP\u00d3S IN\u00daMEROS PEDIDOS DE ESCLARECIMENTO (NOTA TAMB\u00c9M DAS REDES SOCIAIS).<\/strong><\/p>\n<p>Sempre sonhei em ser VEREADOR de Muria\u00e9; sempre apoiei a VERDADE e a TRANSPARENCIA na pol\u00edtica. Conforme conhecimento de todos os Muriaeenses, tive minha candidatura INDEFERIDA. Meu sonho naquele momento foi INDEFERIDO. Ap\u00f3s o referido indeferimento, procurei meus direitos no intuito de \u201ccompetir\u201d a elei\u00e7\u00e3o de vereador na cidade de forma igualit\u00e1ria entre os demais candidatos.\u00a0Foram postados alguns coment\u00e1rios extremamente desnecess\u00e1rios e maldosos, de pessoas que desconhecem o verdadeiro TEOR do processo.\u00a0Procurei meus direitos sozinho, sem qualquer ajuda, sem qualquer participa\u00e7\u00e3o do PARTIDO. Procedimentos burocr\u00e1ticos\/administrativo foram realizados, todos sem \u00eaxito.<\/p>\n<p>Quando tomei conhecimento de poss\u00edvel Recurso junto ao TER-MG, contei com a ajuda de alguns advogados amigos nos quais me orientaram dos riscos do mesmo, bem como, acerca de minha \u201cpequena\u201d chance de provimento do recurso. De forma honesta, consciente do risco do n\u00e3o provimento do recurso, competi \u00e0s elei\u00e7\u00f5es e obtive atrav\u00e9s da confian\u00e7a de meus eleitores, meus 711 votos fieis. Foram muitas ora\u00e7\u00f5es, ajuda de amigos e familiares, al\u00e9m de 711 eleitores fi\u00e9is a minha proposta de governo. Como sabido, toda demanda judicial necessita de assist\u00eancia jur\u00eddica, recurso financeiro (custas processuais), O QUE N\u00c3O CONTEI COM A AJUDA DO PARTIDO OU QUALQUER CANDIDATO.<\/p>\n<p>\u00c9 importante esclarecer que os 711 votos N\u00c3O FORAM COMPUTADOS! OS 711 VOTOS, S\u00e3o pertencentes ao MAICON DA CADEIRA e seus eleitores. Os votos de MAICON DA CADEIRA E SEUS ELEITORES n\u00e3o elegeram o CANDIDATO, FORIM DO PARTIDO DEMOCRATAS. Como de conhecimento de todos, com a validade de meus votos ATRAVES DO RECURSO, o candidato FORIM DO PTN sairia e, em contrapartida, o candidato JAIR ABREU do partido PT, entraria em seu lugar.<\/p>\n<p>Quero manifestar na oportunidade que eu, MAICON BRUNO DE OLIVEIRA, n\u00e3o tenho qualquer problema pessoal ou pol\u00edtico com os vereadores acima especificados. Entretanto, n\u00e3o transferi meus votos a candidato algum. \u00c9 v\u00e1lido mencionar que nas elei\u00e7\u00f5es de 2012, quando eu, MAICON DA CADEIRA e meus eleitores, obtivemos 1037 votos, sendo na \u00e9poca o 9\u00ba candidato mais votado, E N\u00c3O ELEITO, n\u00e3o foi gerada tamanha discuss\u00e3o e repercuss\u00e3o.<\/p>\n<p>Car\u00edssimos, fui mais votado que os candidatos: JUNIOR DA CIVIL, JAIR ABREU, REINALDO DORNELAS, HELENA CARVALHO. E N\u00c3O FUI ELEITO. Al\u00e9m disso, n\u00e3o contei com amparo do partido em 2012. N\u00c3O ME TRANSFERIRAM VOTOS, senhores.\u00a0\u00c9 necess\u00e1rio n\u00e3o entrarmos em contradi\u00e7\u00f5es, ora, POR QUE NINGU\u00c9M APOIOU O MAICON DA CADEIRA em 2012?<\/p>\n<p>MEUS ELEITORES, MINHA FAM\u00cdLIA, MEUS AMIGOS SABEM DA MINHA HONESTIDADE. TODOS T\u00caM CONHECIMENTO DO VERDADEIRO CARATER DE MAICON DA CADEIRA.\u00a0Ontem recebi visitas de in\u00fameros interessados no prosseguimento do meu recurso, inclusive, apoio de pessoas desconhecidas e que nunca me apoiaram. Oferecendo inclusive, ajuda financeira para o prosseguimento do recurso.\u00a0Por que tanta preocupa\u00e7\u00e3o com meus votos, se antes, ningu\u00e9m me ofereceu ajuda? Por que ningu\u00e9m me procurou para ajudar a \u201climpar meu nome\u201d na justi\u00e7a eleitoral? Tamanha estranheza.<\/p>\n<p>\u00c9 f\u00e1cil perceber o interesse de algumas pessoas em denegrir a imagem de um candidato honesto, que contou com poucos recursos e ajuda do partido.\u00a0Senhores fui chamado de \u201calejadinho\u201d, \u201ccorrupto\u201d \u201cladr\u00e3o\u201d por maldade das pessoas. N\u00c3O SOU CORRUPTO, SOU HONESTO, todos que me conhecem sabe quem \u00e9 MAICON DA CADEIRA.\u00a0SENHORES, N\u00c3O TENHO INTERESSE EM RECEBER QUALQUER QUANTIA EM DINHEIRO PARA PROSSEGUIR O RECURSO. SENHORES, N\u00c3O RECEBI QUALQUER VALOR PARA ENCERRAR MEU RECURSO NO TREMG.\u00a0SENHORES, N\u00c3O RECEBI QUALQUER VALOR PARA MANTER O CANDIDATO FORIM COMO ELEITO.\u00a0OS VOTOS DO MAICON DA CADEIRA E SEUS ELEITORES, s\u00e3o do MAICON DA CADEIRA E SEUS ELEITORES E N\u00c3O DE OUTRO CANDIDATO.\u00a0\u00c9 valido ressaltar senhores, que os votos n\u00e3o foram COMPUTADOS, ou seja, n\u00e3o s\u00e3o pertencentes ao meu PARTIDO OU COLIGA\u00c7\u00d5ES.<\/p>\n<p>Recebi nesses \u00faltimos dias, algumas amea\u00e7as, algumas intimida\u00e7\u00f5es, deixando toda minha fam\u00edlia preocupada e em extremo desconforto.\u00a0TENHO MEDO DA MALDADE DAS PESSOAS! PE\u00c7O A TODOS QUE OREM POR MIM E MINHA FAM\u00cdLIA.<\/p>\n<p>Todos os coment\u00e1rios maldosos e preconceituosos j\u00e1 foram encaminhados a minha advogada para as providencias legais.\u00a0Meus eleitores depositaram confian\u00e7a no meu plano de governo, confiando no meu trabalho di\u00e1rio em busca do melhor para a sociedade.\u00a0Agrade\u00e7o a todos meus eleitores, amigos e familiares pelo APOIO e que Deus aben\u00e7oe todos voc\u00eas.\u00a0AL\u00c9M DISSO, O MEU COMPROMISSO PREVALECE! E MEUS ELEITORES EST\u00c3O COMIGO! A VERDADE TAMB\u00c9M PREVALECE.<\/p>\n<p><em><strong>Um forte abra\u00e7o! #MeuCompromissoPrevalece#SomosTodosMaicondaCadeira<\/strong><\/em><\/p>\n","protected":false},"excerpt":{"rendered":"<p>A possibilidade de mexida em uma das 17 cadeiras da C\u00e2mara Municipal de Muria\u00e9 est\u00e1 dando o que falar, principalmente nas redes sociais, mas nas ruas tamb\u00e9m h\u00e1 d\u00favidas, pois ainda n\u00e3o ouve um pronunciamento oficial. Trata-se de uma poss\u00edvel valida\u00e7\u00e3o dos 711 votos do candidato a vereador Maicon da Cadeira, que n\u00e3o foi eleito, [&hellip;]<\/p>\n","protected":false},"author":6,"featured_media":0,"comment_status":"open","ping_status":"closed","sticky":false,"template":"","format":"standard","meta":{"_joinchat":[],"footnotes":""},"categories":[1],"tags":[],"class_list":["post-26842","post","type-post","status-publish","format-standard","hentry","category-sem-categoria"],"_links":{"self":[{"href":"http:\/\/folhadosudeste.com\/site\/index.php?rest_route=\/wp\/v2\/posts\/26842","targetHints":{"allow":["GET"]}}],"collection":[{"href":"http:\/\/folhadosudeste.com\/site\/index.php?rest_route=\/wp\/v2\/posts"}],"about":[{"href":"http:\/\/folhadosudeste.com\/site\/index.php?rest_route=\/wp\/v2\/types\/post"}],"author":[{"embeddable":true,"href":"http:\/\/folhadosudeste.com\/site\/index.php?rest_route=\/wp\/v2\/users\/6"}],"replies":[{"embeddable":true,"href":"http:\/\/folhadosudeste.com\/site\/index.php?rest_route=%2Fwp%2Fv2%2Fcomments&post=26842"}],"version-history":[{"count":1,"href":"http:\/\/folhadosudeste.com\/site\/index.php?rest_route=\/wp\/v2\/posts\/26842\/revisions"}],"predecessor-version":[{"id":26843,"href":"http:\/\/folhadosudeste.com\/site\/index.php?rest_route=\/wp\/v2\/posts\/26842\/revisions\/26843"}],"wp:attachment":[{"href":"http:\/\/folhadosudeste.com\/site\/index.php?rest_route=%2Fwp%2Fv2%2Fmedia&parent=26842"}],"wp:term":[{"taxonomy":"category","embeddable":true,"href":"http:\/\/folhadosudeste.com\/site\/index.php?rest_route=%2Fwp%2Fv2%2Fcategories&post=26842"},{"taxonomy":"post_tag","embeddable":true,"href":"http:\/\/folhadosudeste.com\/site\/index.php?rest_route=%2Fwp%2Fv2%2Ftags&post=26842"}],"curies":[{"name":"wp","href":"https:\/\/api.w.org\/{rel}","templated":true}]}}