{"id":26922,"date":"2016-10-14T13:39:50","date_gmt":"2016-10-14T13:39:50","guid":{"rendered":"http:\/\/folhadosudeste.com\/site\/?p=26922"},"modified":"2016-10-14T13:39:50","modified_gmt":"2016-10-14T13:39:50","slug":"festa-do-dia-das-criancas-e-sucesso-no-horto-florestal","status":"publish","type":"post","link":"http:\/\/folhadosudeste.com\/site\/?p=26922","title":{"rendered":"Festa do Dia das Crian\u00e7as \u00e9 sucesso no Horto Florestal"},"content":{"rendered":"<p style=\"text-align: justify;\"><a href=\"http:\/\/folhadosudeste.com\/site\/wp-content\/uploads\/2016\/10\/HORTO.jpg\"><img loading=\"lazy\" decoding=\"async\" class=\"aligncenter size-full wp-image-26923\" src=\"http:\/\/folhadosudeste.com\/site\/wp-content\/uploads\/2016\/10\/HORTO.jpg\" alt=\"horto\" width=\"620\" height=\"260\" srcset=\"http:\/\/folhadosudeste.com\/site\/wp-content\/uploads\/2016\/10\/HORTO.jpg 620w, http:\/\/folhadosudeste.com\/site\/wp-content\/uploads\/2016\/10\/HORTO-300x125.jpg 300w\" sizes=\"auto, (max-width: 620px) 100vw, 620px\" \/><\/a><\/p>\n<p style=\"text-align: justify;\">A tradicional festa em comemora\u00e7\u00e3o ao Dia das Crian\u00e7as foi mais uma vez realizada com grande sucesso em nossa cidade, com uma programa\u00e7\u00e3o especial no Horto Florestal, oferecendo diversas atividades culturais, de lazer e divers\u00e3o na parte da manh\u00e3. Mesmo acontecendo durante todo o per\u00edodo da atual administra\u00e7\u00e3o, essa foi a primeira edi\u00e7\u00e3o ap\u00f3s a festa de reinaugura\u00e7\u00e3o oficial do espa\u00e7o ap\u00f3s reforma geral, que aconteceu no ano passado.<\/p>\n<p style=\"text-align: justify;\">Saiba mais na edi\u00e7\u00e3o 730 do Folha do Sudeste<\/p>\n<p style=\"text-align: justify;\"><img decoding=\"async\" class=\"ngg_displayed_gallery mceItem\" src=\"http:\/\/folhadosudeste.com\/site\/index.php\/nextgen-attach_to_post\/preview\/id--26946\" alt=\"\" \/><\/p>\n","protected":false},"excerpt":{"rendered":"<p>A tradicional festa em comemora\u00e7\u00e3o ao Dia das Crian\u00e7as foi mais uma vez realizada com grande sucesso em nossa cidade, com uma programa\u00e7\u00e3o especial no Horto Florestal, oferecendo diversas atividades culturais, de lazer e divers\u00e3o na parte da manh\u00e3. Mesmo acontecendo durante todo o per\u00edodo da atual administra\u00e7\u00e3o, essa foi a primeira edi\u00e7\u00e3o ap\u00f3s a [&hellip;]<\/p>\n","protected":false},"author":2,"featured_media":26923,"comment_status":"open","ping_status":"closed","sticky":false,"template":"","format":"standard","meta":{"_joinchat":[],"footnotes":""},"categories":[1],"tags":[],"class_list":["post-26922","post","type-post","status-publish","format-standard","has-post-thumbnail","hentry","category-sem-categoria"],"_links":{"self":[{"href":"http:\/\/folhadosudeste.com\/site\/index.php?rest_route=\/wp\/v2\/posts\/26922","targetHints":{"allow":["GET"]}}],"collection":[{"href":"http:\/\/folhadosudeste.com\/site\/index.php?rest_route=\/wp\/v2\/posts"}],"about":[{"href":"http:\/\/folhadosudeste.com\/site\/index.php?rest_route=\/wp\/v2\/types\/post"}],"author":[{"embeddable":true,"href":"http:\/\/folhadosudeste.com\/site\/index.php?rest_route=\/wp\/v2\/users\/2"}],"replies":[{"embeddable":true,"href":"http:\/\/folhadosudeste.com\/site\/index.php?rest_route=%2Fwp%2Fv2%2Fcomments&post=26922"}],"version-history":[{"count":1,"href":"http:\/\/folhadosudeste.com\/site\/index.php?rest_route=\/wp\/v2\/posts\/26922\/revisions"}],"predecessor-version":[{"id":26947,"href":"http:\/\/folhadosudeste.com\/site\/index.php?rest_route=\/wp\/v2\/posts\/26922\/revisions\/26947"}],"wp:featuredmedia":[{"embeddable":true,"href":"http:\/\/folhadosudeste.com\/site\/index.php?rest_route=\/wp\/v2\/media\/26923"}],"wp:attachment":[{"href":"http:\/\/folhadosudeste.com\/site\/index.php?rest_route=%2Fwp%2Fv2%2Fmedia&parent=26922"}],"wp:term":[{"taxonomy":"category","embeddable":true,"href":"http:\/\/folhadosudeste.com\/site\/index.php?rest_route=%2Fwp%2Fv2%2Fcategories&post=26922"},{"taxonomy":"post_tag","embeddable":true,"href":"http:\/\/folhadosudeste.com\/site\/index.php?rest_route=%2Fwp%2Fv2%2Ftags&post=26922"}],"curies":[{"name":"wp","href":"https:\/\/api.w.org\/{rel}","templated":true}]}}