{"id":26948,"date":"2016-10-14T13:45:13","date_gmt":"2016-10-14T13:45:13","guid":{"rendered":"http:\/\/folhadosudeste.com\/site\/?p=26948"},"modified":"2016-10-14T13:45:13","modified_gmt":"2016-10-14T13:45:13","slug":"muriae-festeja-semana-dos-idosos-com-diversas-atividades","status":"publish","type":"post","link":"http:\/\/folhadosudeste.com\/site\/?p=26948","title":{"rendered":"Muria\u00e9 festeja Semana dos Idosos com diversas atividades"},"content":{"rendered":"<p style=\"text-align: justify;\"><a href=\"http:\/\/folhadosudeste.com\/site\/wp-content\/uploads\/2016\/10\/LAR-OZANAM.jpg\"><img loading=\"lazy\" decoding=\"async\" class=\"aligncenter size-full wp-image-26949\" src=\"http:\/\/folhadosudeste.com\/site\/wp-content\/uploads\/2016\/10\/LAR-OZANAM.jpg\" alt=\"lar-ozanam\" width=\"620\" height=\"248\" srcset=\"http:\/\/folhadosudeste.com\/site\/wp-content\/uploads\/2016\/10\/LAR-OZANAM.jpg 620w, http:\/\/folhadosudeste.com\/site\/wp-content\/uploads\/2016\/10\/LAR-OZANAM-300x120.jpg 300w\" sizes=\"auto, (max-width: 620px) 100vw, 620px\" \/><\/a><\/p>\n<p style=\"text-align: justify;\">O Conselho Municipal de Direitos do Idoso de Muria\u00e9 \u2013 COMIMU realizou, entre os dias 5 e 7 de outubro, as comemora\u00e7\u00f5es referentes \u00e0 Semana do Idoso em nosso munic\u00edpio. O local escolhido para as atividades e confraterniza\u00e7\u00f5es foi o Lar Ozanam, entidade que presta um belo trabalho em nossa cidade.<\/p>\n<p style=\"text-align: justify;\">Saiba mais na edi\u00e7\u00e3o 730 do Folha do Sudeste<\/p>\n<p style=\"text-align: justify;\"><img decoding=\"async\" class=\"ngg_displayed_gallery mceItem\" src=\"http:\/\/folhadosudeste.com\/site\/index.php\/nextgen-attach_to_post\/preview\/id--26962\" alt=\"\" \/><\/p>\n","protected":false},"excerpt":{"rendered":"<p>O Conselho Municipal de Direitos do Idoso de Muria\u00e9 \u2013 COMIMU realizou, entre os dias 5 e 7 de outubro, as comemora\u00e7\u00f5es referentes \u00e0 Semana do Idoso em nosso munic\u00edpio. O local escolhido para as atividades e confraterniza\u00e7\u00f5es foi o Lar Ozanam, entidade que presta um belo trabalho em nossa cidade. Saiba mais na edi\u00e7\u00e3o [&hellip;]<\/p>\n","protected":false},"author":2,"featured_media":26949,"comment_status":"open","ping_status":"closed","sticky":false,"template":"","format":"standard","meta":{"_joinchat":[],"footnotes":""},"categories":[1],"tags":[],"class_list":["post-26948","post","type-post","status-publish","format-standard","has-post-thumbnail","hentry","category-sem-categoria"],"_links":{"self":[{"href":"http:\/\/folhadosudeste.com\/site\/index.php?rest_route=\/wp\/v2\/posts\/26948","targetHints":{"allow":["GET"]}}],"collection":[{"href":"http:\/\/folhadosudeste.com\/site\/index.php?rest_route=\/wp\/v2\/posts"}],"about":[{"href":"http:\/\/folhadosudeste.com\/site\/index.php?rest_route=\/wp\/v2\/types\/post"}],"author":[{"embeddable":true,"href":"http:\/\/folhadosudeste.com\/site\/index.php?rest_route=\/wp\/v2\/users\/2"}],"replies":[{"embeddable":true,"href":"http:\/\/folhadosudeste.com\/site\/index.php?rest_route=%2Fwp%2Fv2%2Fcomments&post=26948"}],"version-history":[{"count":1,"href":"http:\/\/folhadosudeste.com\/site\/index.php?rest_route=\/wp\/v2\/posts\/26948\/revisions"}],"predecessor-version":[{"id":26963,"href":"http:\/\/folhadosudeste.com\/site\/index.php?rest_route=\/wp\/v2\/posts\/26948\/revisions\/26963"}],"wp:featuredmedia":[{"embeddable":true,"href":"http:\/\/folhadosudeste.com\/site\/index.php?rest_route=\/wp\/v2\/media\/26949"}],"wp:attachment":[{"href":"http:\/\/folhadosudeste.com\/site\/index.php?rest_route=%2Fwp%2Fv2%2Fmedia&parent=26948"}],"wp:term":[{"taxonomy":"category","embeddable":true,"href":"http:\/\/folhadosudeste.com\/site\/index.php?rest_route=%2Fwp%2Fv2%2Fcategories&post=26948"},{"taxonomy":"post_tag","embeddable":true,"href":"http:\/\/folhadosudeste.com\/site\/index.php?rest_route=%2Fwp%2Fv2%2Ftags&post=26948"}],"curies":[{"name":"wp","href":"https:\/\/api.w.org\/{rel}","templated":true}]}}